{"id":359,"date":"2024-11-11T09:40:25","date_gmt":"2024-11-11T12:40:25","guid":{"rendered":"https:\/\/blog.naturalflora.com.br\/?p=359"},"modified":"2024-11-21T11:10:51","modified_gmt":"2024-11-21T14:10:51","slug":"dicas-para-manter-cabelos-saudaveis-cuidados-essenciais-para-fios-fortes-e-brilhantes","status":"publish","type":"post","link":"https:\/\/blog.naturalflora.com.br\/?p=359","title":{"rendered":"Dicas para Manter Cabelos Saud\u00e1veis: Cuidados Essenciais para Fios Fortes e Brilhantes"},"content":{"rendered":"\r\n<p>Manter os cabelos saud\u00e1veis \u00e9 um objetivo que muitas pessoas t\u00eam, mas pode ser desafiador devido ao uso constante de produtos qu\u00edmicos, ferramentas de calor, polui\u00e7\u00e3o e fatores gen\u00e9ticos. Ter cabelos fortes, hidratados e brilhantes exige cuidados di\u00e1rios e escolhas conscientes em rela\u00e7\u00e3o aos produtos que usamos e aos h\u00e1bitos que cultivamos. Neste artigo, vamos apresentar dicas essenciais para manter seus cabelos saud\u00e1veis e garantir que seus fios se mantenham bonitos e bem tratados.<\/p>\r\n\r\n\r\n\r\n<p><strong>1. Higieniza\u00e7\u00e3o Adequada: Como Lavar os Cabelos Corretamente<\/strong><\/p>\r\n\r\n\r\n\r\n<p>A lavagem dos cabelos \u00e9 o primeiro passo para mant\u00ea-los saud\u00e1veis, mas a forma como voc\u00ea faz isso pode influenciar na sa\u00fade dos fios. Veja como realizar a lavagem de forma eficaz e saud\u00e1vel:<\/p>\r\n\r\n\r\n\r\n<ul class=\"wp-block-list\">\r\n<li><strong>Escolha o Shampoo Certo<\/strong>: Escolha shampoos que sejam espec\u00edficos para o seu tipo de cabelo (oleoso, seco, misto, cacheado, liso, etc.) e evite aqueles que cont\u00eam sulfatos em excesso, pois eles podem ressecar os fios. Prefira shampoos suaves e com ingredientes hidratantes, como aloe vera, pantenol e \u00f3leos naturais.<\/li>\r\n\r\n\r\n\r\n<li><strong>N\u00e3o Lave os Fios Todos os Dias<\/strong>: Lavar os cabelos todos os dias pode remover os \u00f3leos naturais do couro cabeludo, o que pode resultar em cabelos ressecados. Para a maioria das pessoas, lavar os cabelos 2 a 3 vezes por semana \u00e9 suficiente. Se o cabelo for muito oleoso, voc\u00ea pode optar por lavagens mais frequentes, mas sempre com um shampoo suave.<\/li>\r\n\r\n\r\n\r\n<li><strong>\u00c1gua Fria para Enxaguar<\/strong>: Ap\u00f3s a lavagem, enx\u00e1gue os cabelos com \u00e1gua fria para ajudar a fechar as cut\u00edculas dos fios, deixando-os mais brilhosos e macios.<\/li>\r\n<\/ul>\r\n\r\n\r\n\r\n<p><strong>2. Condicionamento e Hidrata\u00e7\u00e3o: O Toque Final para Fios Hidratados<\/strong><\/p>\r\n\r\n\r\n\r\n<p>Ap\u00f3s a limpeza, a hidrata\u00e7\u00e3o \u00e9 essencial para repor a umidade dos fios e garantir a suavidade e o brilho.<\/p>\r\n\r\n\r\n\r\n<ul class=\"wp-block-list\">\r\n<li><strong>Use um Bom Condicionador<\/strong>: Sempre que usar shampoo, use um condicionador adequado ao seu tipo de cabelo. O condicionador ajuda a restaurar a umidade e a suavizar os fios, tornando-os mais f\u00e1ceis de pentear.<\/li>\r\n\r\n\r\n\r\n<li><strong>M\u00e1scaras de Hidrata\u00e7\u00e3o Profunda<\/strong>: Para uma hidrata\u00e7\u00e3o mais intensa, use m\u00e1scaras de hidrata\u00e7\u00e3o uma vez por semana ou conforme a necessidade. As m\u00e1scaras de hidrata\u00e7\u00e3o profunda fornecem nutrientes adicionais aos fios, combatendo o ressecamento, principalmente em cabelos secos ou danificados.<\/li>\r\n\r\n\r\n\r\n<li><strong>\u00d3leos Naturais e S\u00e9runs<\/strong>: \u00d3leos como o \u00f3leo de argan, \u00f3leo de coco, \u00f3leo de jojoba e \u00f3leo de abacate s\u00e3o excelentes para hidratar o cabelo e restaurar sua maciez e brilho. Aplique-os nas pontas dos fios para evitar o frizz e as pontas duplas.<\/li>\r\n<\/ul>\r\n\r\n\r\n\r\n<p><strong>3. Prote\u00e7\u00e3o contra o Calor: Cuidado com o Uso Excessivo de Ferramentas T\u00e9rmicas<\/strong><\/p>\r\n\r\n\r\n\r\n<p>O uso constante de secadores, chapinhas e babyliss pode danificar os cabelos, especialmente se eles forem finos ou secos. Para proteger seus fios dos danos t\u00e9rmicos, siga essas dicas:<\/p>\r\n\r\n\r\n\r\n<ul class=\"wp-block-list\">\r\n<li><strong>Use Protetor T\u00e9rmico<\/strong>: Antes de usar qualquer ferramenta de calor, sempre aplique um protetor t\u00e9rmico nos cabelos. Esses produtos formam uma camada de prote\u00e7\u00e3o ao redor dos fios, ajudando a prevenir a desidrata\u00e7\u00e3o e a quebra.<\/li>\r\n\r\n\r\n\r\n<li><strong>Evite o Calor Excessivo<\/strong>: Se poss\u00edvel, use as ferramentas de calor na temperatura mais baixa poss\u00edvel e n\u00e3o use-as com frequ\u00eancia. O ideal \u00e9 deixar os cabelos secarem naturalmente, sempre que poss\u00edvel, para evitar danos excessivos.<\/li>\r\n\r\n\r\n\r\n<li><strong>Limpeza Regular das Ferramentas<\/strong>: Mantenha suas ferramentas de calor limpas e em bom estado, para que o calor seja distribu\u00eddo de maneira uniforme e eficaz.<\/li>\r\n<\/ul>\r\n\r\n\r\n\r\n<p><strong>4. Nutri\u00e7\u00e3o Adequada: Alimenta\u00e7\u00e3o para Cabelos Fortes e Saud\u00e1veis<\/strong><\/p>\r\n\r\n\r\n\r\n<p>Uma dieta equilibrada \u00e9 crucial para a sa\u00fade dos seus cabelos. Certos nutrientes podem ajudar a fortalecer os fios e a melhorar sua apar\u00eancia geral. Alguns nutrientes essenciais para cabelos saud\u00e1veis incluem:<\/p>\r\n\r\n\r\n\r\n<ul class=\"wp-block-list\">\r\n<li><strong>Prote\u00ednas<\/strong>: Os cabelos s\u00e3o compostos principalmente por queratina, uma prote\u00edna. Incluir alimentos ricos em prote\u00ednas, como ovos, peixes, carne magra e leguminosas, pode ajudar a fortalecer os fios.<\/li>\r\n\r\n\r\n\r\n<li><strong>Vitaminas A e C<\/strong>: Essas vitaminas s\u00e3o importantes para a sa\u00fade do couro cabeludo e ajudam a promover o crescimento do cabelo. Alimentos como cenoura, espinafre, laranja e morango s\u00e3o ricos em vitamina A e C.<\/li>\r\n\r\n\r\n\r\n<li><strong>\u00c1cidos graxos essenciais<\/strong>: \u00d4mega-3 e outros \u00e1cidos graxos essenciais ajudam a manter o cabelo hidratado e saud\u00e1vel. Alimentos como salm\u00e3o, abacate, nozes e sementes de chia s\u00e3o \u00f3timas fontes desses \u00e1cidos graxos.<\/li>\r\n\r\n\r\n\r\n<li><strong>Ferro e Zinco<\/strong>: Defici\u00eancias de ferro e zinco podem levar \u00e0 queda de cabelo. Consuma alimentos como feij\u00e3o, lentilhas, carnes magras, sementes de ab\u00f3bora e castanhas para garantir a ingest\u00e3o adequada desses minerais.<\/li>\r\n<\/ul>\r\n\r\n\r\n\r\n<p><strong>5. Evite Produtos Qu\u00edmicos Agressivos<\/strong><\/p>\r\n\r\n\r\n\r\n<p>Exposi\u00e7\u00e3o frequente a produtos qu\u00edmicos agressivos pode enfraquecer e danificar os fios, tornando-os quebradi\u00e7os e sem vida. Aqui est\u00e3o algumas dicas para minimizar o uso de produtos agressivos:<\/p>\r\n\r\n\r\n\r\n<ul class=\"wp-block-list\">\r\n<li><strong>Evite Tinturas e Alisamentos Frequentes<\/strong>: Embora seja poss\u00edvel tingir ou alisar os cabelos ocasionalmente, o uso excessivo de tinturas ou alisamentos pode enfraquecer os fios. Se voc\u00ea optar por esses tratamentos, escolha produtos de boa qualidade e, de prefer\u00eancia, naturais ou menos agressivos.<\/li>\r\n\r\n\r\n\r\n<li><strong>Cuidado com os Relaxamentos e Descolora\u00e7\u00f5es<\/strong>: O uso de alisantes ou descolorantes pode comprometer a estrutura do cabelo. Se poss\u00edvel, fa\u00e7a esses procedimentos com menos frequ\u00eancia ou busque alternativas mais suaves.<\/li>\r\n\r\n\r\n\r\n<li><strong>Evite Produtos Com Ingredientes Agressivos<\/strong>: Sempre leia os r\u00f3tulos dos produtos que voc\u00ea usa. Procure evitar cosm\u00e9ticos que contenham parabenos, sulfatos, ftalatos e silicones em excesso. Esses ingredientes podem causar ressecamento e ac\u00famulo nos fios.<\/li>\r\n<\/ul>\r\n\r\n\r\n\r\n<p><strong>6. Evite o Estresse: Sa\u00fade Mental e Cabelos Saud\u00e1veis<\/strong><\/p>\r\n\r\n\r\n\r\n<p>O estresse pode ser um grande inimigo da sa\u00fade capilar. Ele est\u00e1 diretamente relacionado \u00e0 queda de cabelo e ao enfraquecimento dos fios. Para manter seus cabelos saud\u00e1veis, \u00e9 essencial cuidar da sua sa\u00fade mental e emocional:<\/p>\r\n\r\n\r\n\r\n<ul class=\"wp-block-list\">\r\n<li><strong>Pratique T\u00e9cnicas de Relaxamento<\/strong>: T\u00e9cnicas como medita\u00e7\u00e3o, ioga e respira\u00e7\u00e3o profunda podem ajudar a reduzir os n\u00edveis de estresse e melhorar a sa\u00fade geral do corpo, incluindo a sa\u00fade capilar.<\/li>\r\n\r\n\r\n\r\n<li><strong>Durma Bem<\/strong>: O sono de qualidade tamb\u00e9m \u00e9 fundamental para a recupera\u00e7\u00e3o do corpo e o crescimento saud\u00e1vel do cabelo. Tente dormir entre 7 a 9 horas por noite para manter um ciclo de sono regular e saud\u00e1vel.<\/li>\r\n<\/ul>\r\n\r\n\r\n\r\n<p><strong>7. Corte Regularmente as Pontas<\/strong><\/p>\r\n\r\n\r\n\r\n<p>Mesmo que voc\u00ea esteja deixando o cabelo crescer, \u00e9 importante fazer cortes regulares para remover as pontas duplas e manter os fios saud\u00e1veis. Cortes a cada 8 a 12 semanas s\u00e3o ideais para manter os fios fortes e bonitos, al\u00e9m de evitar quebras.<\/p>\r\n\r\n\r\n\r\n<p><strong>8. Hidrata\u00e7\u00e3o e Prote\u00e7\u00e3o Contra a Exposi\u00e7\u00e3o Solar<\/strong><\/p>\r\n\r\n\r\n\r\n<p>A exposi\u00e7\u00e3o ao sol pode danificar os fios e deix\u00e1-los ressecados. Para proteger o cabelo da radia\u00e7\u00e3o UV, use chap\u00e9us ou produtos capilares com prote\u00e7\u00e3o solar. Al\u00e9m disso, mantenha o cabelo bem hidratado com o uso de \u00f3leos e cremes que ajudam a reter a umidade nos fios.<\/p>\r\n\r\n\r\n\r\n<p><strong>Considera\u00e7\u00f5es Finais<\/strong><\/p>\r\n\r\n\r\n\r\n<p>Manter os cabelos saud\u00e1veis exige aten\u00e7\u00e3o di\u00e1ria e cuidados adequados. Desde a escolha dos produtos certos, passando por uma alimenta\u00e7\u00e3o balanceada, at\u00e9 a prote\u00e7\u00e3o contra fatores externos, como o calor excessivo e os produtos qu\u00edmicos, cada etapa \u00e9 importante para garantir fios fortes, hidratados e bonitos. Ao seguir essas dicas, voc\u00ea poder\u00e1 promover a sa\u00fade capilar de forma eficaz, mantendo seus cabelos radiantes e bem cuidados por muito mais tempo.<\/p>\r\n\r\n\r\n\r\n<p><strong>Refer\u00eancias Cient\u00edficas<\/strong><\/p>\r\n\r\n\r\n\r\n<ul class=\"wp-block-list\">\r\n<li>Rathi, S. K., &amp; Bhushan, R. (2018).\u00a0<em>Hair Care and Hair Diseases: An Overview<\/em>.\u00a0Indian Journal of Dermatology, Venereology, and Leprology, 84(4), 421-431.<\/li>\r\n\r\n\r\n\r\n<li>McMichael, A. J. (2007).\u00a0<em>Hair and Scalp Care<\/em>.\u00a0Clinics in Dermatology, 25(2), 174-179.<\/li>\r\n<\/ul>\r\n","protected":false},"excerpt":{"rendered":"Manter os cabelos saud\u00e1veis \u00e9 um objetivo que muitas pessoas t\u00eam, mas pode ser desafiador devido ao uso&hellip;\n","protected":false},"author":2,"featured_media":598,"comment_status":"open","ping_status":"open","sticky":false,"template":"","format":"standard","meta":{"csco_singular_sidebar":"","csco_page_header_type":"","csco_appearance_masonry":"","csco_page_load_nextpost":"","csco_post_video_location":[],"csco_post_video_location_hash":"","csco_post_video_url":"","csco_post_video_bg_start_time":0,"csco_post_video_bg_end_time":0,"footnotes":""},"categories":[11,5],"tags":[],"class_list":{"0":"post-359","1":"post","2":"type-post","3":"status-publish","4":"format-standard","5":"has-post-thumbnail","7":"category-cuidados-com-a-beleza","8":"category-suplementacao","9":"cs-entry","10":"cs-video-wrap"},"yoast_head":"<!-- This site is optimized with the Yoast SEO plugin v27.4 - https:\/\/yoast.com\/product\/yoast-seo-wordpress\/ -->\n<title>Dicas para Manter Cabelos Saud\u00e1veis: Cuidados Essenciais para Fios Fortes e Brilhantes - Natural Flora<\/title>\n<meta name=\"robots\" content=\"index, follow, max-snippet:-1, max-image-preview:large, max-video-preview:-1\" \/>\n<link rel=\"canonical\" href=\"https:\/\/blog.naturalflora.com.br\/?p=359\" \/>\n<meta property=\"og:locale\" content=\"en_US\" \/>\n<meta property=\"og:type\" content=\"article\" \/>\n<meta property=\"og:title\" content=\"Dicas para Manter Cabelos Saud\u00e1veis: Cuidados Essenciais para Fios Fortes e Brilhantes - Natural Flora\" \/>\n<meta property=\"og:description\" content=\"Manter os cabelos saud\u00e1veis \u00e9 um objetivo que muitas pessoas t\u00eam, mas pode ser desafiador devido ao uso&hellip;\" \/>\n<meta property=\"og:url\" content=\"https:\/\/blog.naturalflora.com.br\/?p=359\" \/>\n<meta property=\"og:site_name\" content=\"Natural Flora\" \/>\n<meta property=\"article:published_time\" content=\"2024-11-11T12:40:25+00:00\" \/>\n<meta property=\"article:modified_time\" content=\"2024-11-21T14:10:51+00:00\" \/>\n<meta property=\"og:image\" content=\"https:\/\/blog.naturalflora.com.br\/wp-content\/uploads\/2024\/11\/Dicas-para-manter-cabelos-saudaveis.png\" \/>\n\t<meta property=\"og:image:width\" content=\"1200\" \/>\n\t<meta property=\"og:image:height\" content=\"800\" \/>\n\t<meta property=\"og:image:type\" content=\"image\/png\" \/>\n<meta name=\"author\" content=\"Reda\u00e7\u00e3o Natural Flora\" \/>\n<meta name=\"twitter:card\" content=\"summary_large_image\" \/>\n<meta name=\"twitter:label1\" content=\"Written by\" \/>\n\t<meta name=\"twitter:data1\" content=\"Reda\u00e7\u00e3o Natural Flora\" \/>\n\t<meta name=\"twitter:label2\" content=\"Est. reading time\" \/>\n\t<meta name=\"twitter:data2\" content=\"7 minutes\" \/>\n<script type=\"application\/ld+json\" class=\"yoast-schema-graph\">{\"@context\":\"https:\\\/\\\/schema.org\",\"@graph\":[{\"@type\":\"Article\",\"@id\":\"https:\\\/\\\/blog.naturalflora.com.br\\\/?p=359#article\",\"isPartOf\":{\"@id\":\"https:\\\/\\\/blog.naturalflora.com.br\\\/?p=359\"},\"author\":{\"name\":\"Reda\u00e7\u00e3o Natural Flora\",\"@id\":\"https:\\\/\\\/blog.naturalflora.com.br\\\/#\\\/schema\\\/person\\\/99e756373ea537fcbd0d5c5c5fd7ed7b\"},\"headline\":\"Dicas para Manter Cabelos Saud\u00e1veis: Cuidados Essenciais para Fios Fortes e Brilhantes\",\"datePublished\":\"2024-11-11T12:40:25+00:00\",\"dateModified\":\"2024-11-21T14:10:51+00:00\",\"mainEntityOfPage\":{\"@id\":\"https:\\\/\\\/blog.naturalflora.com.br\\\/?p=359\"},\"wordCount\":1283,\"commentCount\":0,\"image\":{\"@id\":\"https:\\\/\\\/blog.naturalflora.com.br\\\/?p=359#primaryimage\"},\"thumbnailUrl\":\"https:\\\/\\\/blog.naturalflora.com.br\\\/wp-content\\\/uploads\\\/2024\\\/11\\\/Dicas-para-manter-cabelos-saudaveis.png\",\"articleSection\":[\"Cuidados com a Beleza\",\"Suplementa\u00e7\u00e3o\"],\"inLanguage\":\"en-US\",\"potentialAction\":[{\"@type\":\"CommentAction\",\"name\":\"Comment\",\"target\":[\"https:\\\/\\\/blog.naturalflora.com.br\\\/?p=359#respond\"]}]},{\"@type\":\"WebPage\",\"@id\":\"https:\\\/\\\/blog.naturalflora.com.br\\\/?p=359\",\"url\":\"https:\\\/\\\/blog.naturalflora.com.br\\\/?p=359\",\"name\":\"Dicas para Manter Cabelos Saud\u00e1veis: Cuidados Essenciais para Fios Fortes e Brilhantes - Natural Flora\",\"isPartOf\":{\"@id\":\"https:\\\/\\\/blog.naturalflora.com.br\\\/#website\"},\"primaryImageOfPage\":{\"@id\":\"https:\\\/\\\/blog.naturalflora.com.br\\\/?p=359#primaryimage\"},\"image\":{\"@id\":\"https:\\\/\\\/blog.naturalflora.com.br\\\/?p=359#primaryimage\"},\"thumbnailUrl\":\"https:\\\/\\\/blog.naturalflora.com.br\\\/wp-content\\\/uploads\\\/2024\\\/11\\\/Dicas-para-manter-cabelos-saudaveis.png\",\"datePublished\":\"2024-11-11T12:40:25+00:00\",\"dateModified\":\"2024-11-21T14:10:51+00:00\",\"author\":{\"@id\":\"https:\\\/\\\/blog.naturalflora.com.br\\\/#\\\/schema\\\/person\\\/99e756373ea537fcbd0d5c5c5fd7ed7b\"},\"breadcrumb\":{\"@id\":\"https:\\\/\\\/blog.naturalflora.com.br\\\/?p=359#breadcrumb\"},\"inLanguage\":\"en-US\",\"potentialAction\":[{\"@type\":\"ReadAction\",\"target\":[\"https:\\\/\\\/blog.naturalflora.com.br\\\/?p=359\"]}]},{\"@type\":\"ImageObject\",\"inLanguage\":\"en-US\",\"@id\":\"https:\\\/\\\/blog.naturalflora.com.br\\\/?p=359#primaryimage\",\"url\":\"https:\\\/\\\/blog.naturalflora.com.br\\\/wp-content\\\/uploads\\\/2024\\\/11\\\/Dicas-para-manter-cabelos-saudaveis.png\",\"contentUrl\":\"https:\\\/\\\/blog.naturalflora.com.br\\\/wp-content\\\/uploads\\\/2024\\\/11\\\/Dicas-para-manter-cabelos-saudaveis.png\",\"width\":1200,\"height\":800},{\"@type\":\"BreadcrumbList\",\"@id\":\"https:\\\/\\\/blog.naturalflora.com.br\\\/?p=359#breadcrumb\",\"itemListElement\":[{\"@type\":\"ListItem\",\"position\":1,\"name\":\"In\u00edcio\",\"item\":\"https:\\\/\\\/blog.naturalflora.com.br\\\/\"},{\"@type\":\"ListItem\",\"position\":2,\"name\":\"Dicas para Manter Cabelos Saud\u00e1veis: Cuidados Essenciais para Fios Fortes e Brilhantes\"}]},{\"@type\":\"WebSite\",\"@id\":\"https:\\\/\\\/blog.naturalflora.com.br\\\/#website\",\"url\":\"https:\\\/\\\/blog.naturalflora.com.br\\\/\",\"name\":\"Natural Flora\",\"description\":\"\",\"potentialAction\":[{\"@type\":\"SearchAction\",\"target\":{\"@type\":\"EntryPoint\",\"urlTemplate\":\"https:\\\/\\\/blog.naturalflora.com.br\\\/?s={search_term_string}\"},\"query-input\":{\"@type\":\"PropertyValueSpecification\",\"valueRequired\":true,\"valueName\":\"search_term_string\"}}],\"inLanguage\":\"en-US\"},{\"@type\":\"Person\",\"@id\":\"https:\\\/\\\/blog.naturalflora.com.br\\\/#\\\/schema\\\/person\\\/99e756373ea537fcbd0d5c5c5fd7ed7b\",\"name\":\"Reda\u00e7\u00e3o Natural Flora\",\"image\":{\"@type\":\"ImageObject\",\"inLanguage\":\"en-US\",\"@id\":\"https:\\\/\\\/secure.gravatar.com\\\/avatar\\\/560ac9b18b85ef6f917a34bc047531491daea2430216ef2803a9433cd01b8bc4?s=96&d=mm&r=g\",\"url\":\"https:\\\/\\\/secure.gravatar.com\\\/avatar\\\/560ac9b18b85ef6f917a34bc047531491daea2430216ef2803a9433cd01b8bc4?s=96&d=mm&r=g\",\"contentUrl\":\"https:\\\/\\\/secure.gravatar.com\\\/avatar\\\/560ac9b18b85ef6f917a34bc047531491daea2430216ef2803a9433cd01b8bc4?s=96&d=mm&r=g\",\"caption\":\"Reda\u00e7\u00e3o Natural Flora\"},\"url\":\"https:\\\/\\\/blog.naturalflora.com.br\\\/?author=2\"}]}<\/script>\n<!-- \/ Yoast SEO plugin. -->","yoast_head_json":{"title":"Dicas para Manter Cabelos Saud\u00e1veis: Cuidados Essenciais para Fios Fortes e Brilhantes - Natural Flora","robots":{"index":"index","follow":"follow","max-snippet":"max-snippet:-1","max-image-preview":"max-image-preview:large","max-video-preview":"max-video-preview:-1"},"canonical":"https:\/\/blog.naturalflora.com.br\/?p=359","og_locale":"en_US","og_type":"article","og_title":"Dicas para Manter Cabelos Saud\u00e1veis: Cuidados Essenciais para Fios Fortes e Brilhantes - Natural Flora","og_description":"Manter os cabelos saud\u00e1veis \u00e9 um objetivo que muitas pessoas t\u00eam, mas pode ser desafiador devido ao uso&hellip;","og_url":"https:\/\/blog.naturalflora.com.br\/?p=359","og_site_name":"Natural Flora","article_published_time":"2024-11-11T12:40:25+00:00","article_modified_time":"2024-11-21T14:10:51+00:00","og_image":[{"width":1200,"height":800,"url":"https:\/\/blog.naturalflora.com.br\/wp-content\/uploads\/2024\/11\/Dicas-para-manter-cabelos-saudaveis.png","type":"image\/png"}],"author":"Reda\u00e7\u00e3o Natural Flora","twitter_card":"summary_large_image","twitter_misc":{"Written by":"Reda\u00e7\u00e3o Natural Flora","Est. reading time":"7 minutes"},"schema":{"@context":"https:\/\/schema.org","@graph":[{"@type":"Article","@id":"https:\/\/blog.naturalflora.com.br\/?p=359#article","isPartOf":{"@id":"https:\/\/blog.naturalflora.com.br\/?p=359"},"author":{"name":"Reda\u00e7\u00e3o Natural Flora","@id":"https:\/\/blog.naturalflora.com.br\/#\/schema\/person\/99e756373ea537fcbd0d5c5c5fd7ed7b"},"headline":"Dicas para Manter Cabelos Saud\u00e1veis: Cuidados Essenciais para Fios Fortes e Brilhantes","datePublished":"2024-11-11T12:40:25+00:00","dateModified":"2024-11-21T14:10:51+00:00","mainEntityOfPage":{"@id":"https:\/\/blog.naturalflora.com.br\/?p=359"},"wordCount":1283,"commentCount":0,"image":{"@id":"https:\/\/blog.naturalflora.com.br\/?p=359#primaryimage"},"thumbnailUrl":"https:\/\/blog.naturalflora.com.br\/wp-content\/uploads\/2024\/11\/Dicas-para-manter-cabelos-saudaveis.png","articleSection":["Cuidados com a Beleza","Suplementa\u00e7\u00e3o"],"inLanguage":"en-US","potentialAction":[{"@type":"CommentAction","name":"Comment","target":["https:\/\/blog.naturalflora.com.br\/?p=359#respond"]}]},{"@type":"WebPage","@id":"https:\/\/blog.naturalflora.com.br\/?p=359","url":"https:\/\/blog.naturalflora.com.br\/?p=359","name":"Dicas para Manter Cabelos Saud\u00e1veis: Cuidados Essenciais para Fios Fortes e Brilhantes - Natural Flora","isPartOf":{"@id":"https:\/\/blog.naturalflora.com.br\/#website"},"primaryImageOfPage":{"@id":"https:\/\/blog.naturalflora.com.br\/?p=359#primaryimage"},"image":{"@id":"https:\/\/blog.naturalflora.com.br\/?p=359#primaryimage"},"thumbnailUrl":"https:\/\/blog.naturalflora.com.br\/wp-content\/uploads\/2024\/11\/Dicas-para-manter-cabelos-saudaveis.png","datePublished":"2024-11-11T12:40:25+00:00","dateModified":"2024-11-21T14:10:51+00:00","author":{"@id":"https:\/\/blog.naturalflora.com.br\/#\/schema\/person\/99e756373ea537fcbd0d5c5c5fd7ed7b"},"breadcrumb":{"@id":"https:\/\/blog.naturalflora.com.br\/?p=359#breadcrumb"},"inLanguage":"en-US","potentialAction":[{"@type":"ReadAction","target":["https:\/\/blog.naturalflora.com.br\/?p=359"]}]},{"@type":"ImageObject","inLanguage":"en-US","@id":"https:\/\/blog.naturalflora.com.br\/?p=359#primaryimage","url":"https:\/\/blog.naturalflora.com.br\/wp-content\/uploads\/2024\/11\/Dicas-para-manter-cabelos-saudaveis.png","contentUrl":"https:\/\/blog.naturalflora.com.br\/wp-content\/uploads\/2024\/11\/Dicas-para-manter-cabelos-saudaveis.png","width":1200,"height":800},{"@type":"BreadcrumbList","@id":"https:\/\/blog.naturalflora.com.br\/?p=359#breadcrumb","itemListElement":[{"@type":"ListItem","position":1,"name":"In\u00edcio","item":"https:\/\/blog.naturalflora.com.br\/"},{"@type":"ListItem","position":2,"name":"Dicas para Manter Cabelos Saud\u00e1veis: Cuidados Essenciais para Fios Fortes e Brilhantes"}]},{"@type":"WebSite","@id":"https:\/\/blog.naturalflora.com.br\/#website","url":"https:\/\/blog.naturalflora.com.br\/","name":"Natural Flora","description":"","potentialAction":[{"@type":"SearchAction","target":{"@type":"EntryPoint","urlTemplate":"https:\/\/blog.naturalflora.com.br\/?s={search_term_string}"},"query-input":{"@type":"PropertyValueSpecification","valueRequired":true,"valueName":"search_term_string"}}],"inLanguage":"en-US"},{"@type":"Person","@id":"https:\/\/blog.naturalflora.com.br\/#\/schema\/person\/99e756373ea537fcbd0d5c5c5fd7ed7b","name":"Reda\u00e7\u00e3o Natural Flora","image":{"@type":"ImageObject","inLanguage":"en-US","@id":"https:\/\/secure.gravatar.com\/avatar\/560ac9b18b85ef6f917a34bc047531491daea2430216ef2803a9433cd01b8bc4?s=96&d=mm&r=g","url":"https:\/\/secure.gravatar.com\/avatar\/560ac9b18b85ef6f917a34bc047531491daea2430216ef2803a9433cd01b8bc4?s=96&d=mm&r=g","contentUrl":"https:\/\/secure.gravatar.com\/avatar\/560ac9b18b85ef6f917a34bc047531491daea2430216ef2803a9433cd01b8bc4?s=96&d=mm&r=g","caption":"Reda\u00e7\u00e3o Natural Flora"},"url":"https:\/\/blog.naturalflora.com.br\/?author=2"}]}},"_links":{"self":[{"href":"https:\/\/blog.naturalflora.com.br\/index.php?rest_route=\/wp\/v2\/posts\/359","targetHints":{"allow":["GET"]}}],"collection":[{"href":"https:\/\/blog.naturalflora.com.br\/index.php?rest_route=\/wp\/v2\/posts"}],"about":[{"href":"https:\/\/blog.naturalflora.com.br\/index.php?rest_route=\/wp\/v2\/types\/post"}],"author":[{"embeddable":true,"href":"https:\/\/blog.naturalflora.com.br\/index.php?rest_route=\/wp\/v2\/users\/2"}],"replies":[{"embeddable":true,"href":"https:\/\/blog.naturalflora.com.br\/index.php?rest_route=%2Fwp%2Fv2%2Fcomments&post=359"}],"version-history":[{"count":1,"href":"https:\/\/blog.naturalflora.com.br\/index.php?rest_route=\/wp\/v2\/posts\/359\/revisions"}],"predecessor-version":[{"id":360,"href":"https:\/\/blog.naturalflora.com.br\/index.php?rest_route=\/wp\/v2\/posts\/359\/revisions\/360"}],"wp:featuredmedia":[{"embeddable":true,"href":"https:\/\/blog.naturalflora.com.br\/index.php?rest_route=\/wp\/v2\/media\/598"}],"wp:attachment":[{"href":"https:\/\/blog.naturalflora.com.br\/index.php?rest_route=%2Fwp%2Fv2%2Fmedia&parent=359"}],"wp:term":[{"taxonomy":"category","embeddable":true,"href":"https:\/\/blog.naturalflora.com.br\/index.php?rest_route=%2Fwp%2Fv2%2Fcategories&post=359"},{"taxonomy":"post_tag","embeddable":true,"href":"https:\/\/blog.naturalflora.com.br\/index.php?rest_route=%2Fwp%2Fv2%2Ftags&post=359"}],"curies":[{"name":"wp","href":"https:\/\/api.w.org\/{rel}","templated":true}]}}