{"id":391,"date":"2024-11-11T14:03:51","date_gmt":"2024-11-11T17:03:51","guid":{"rendered":"https:\/\/blog.naturalflora.com.br\/?p=391"},"modified":"2024-11-19T16:13:42","modified_gmt":"2024-11-19T19:13:42","slug":"a-relacao-entre-diabetes-e-saude-mental-compreendendo-os-desafios-e-buscando-solucoes","status":"publish","type":"post","link":"https:\/\/blog.naturalflora.com.br\/?p=391","title":{"rendered":"A Rela\u00e7\u00e3o entre Diabetes e Sa\u00fade Mental: Compreendendo os Desafios e Buscando Solu\u00e7\u00f5es"},"content":{"rendered":"\r\n<p><strong>Introdu\u00e7\u00e3o<\/strong><br \/>A rela\u00e7\u00e3o entre\u00a0<strong>diabetes<\/strong>\u00a0e\u00a0<strong>sa\u00fade mental<\/strong>\u00a0\u00e9 um tema de crescente interesse, especialmente \u00e0 medida que se reconhece a import\u00e2ncia do equil\u00edbrio entre o bem-estar f\u00edsico e emocional para um manejo eficaz da doen\u00e7a. O diabetes, seja tipo 1 ou tipo 2, n\u00e3o afeta apenas o corpo, mas tamb\u00e9m pode ter impactos profundos na sa\u00fade mental dos indiv\u00edduos. Pessoas com diabetes frequentemente enfrentam desafios relacionados ao\u00a0<strong>controle glic\u00eamico<\/strong>,\u00a0<strong>autocontrole<\/strong>,\u00a0<strong>estresse<\/strong>\u00a0e at\u00e9 mesmo ao risco aumentado de\u00a0<strong>depress\u00e3o<\/strong>\u00a0e\u00a0<strong>ansiedade<\/strong>.<\/p>\r\n\r\n\r\n\r\n<p>Neste artigo, exploraremos como o diabetes pode afetar a sa\u00fade mental, quais s\u00e3o as condi\u00e7\u00f5es mais comuns associadas ao diabetes e como \u00e9 poss\u00edvel melhorar a sa\u00fade mental dos diab\u00e9ticos por meio de estrat\u00e9gias eficazes de tratamento e apoio.<\/p>\r\n\r\n\r\n\r\n<p><strong>1. Como o Diabetes Afeta a Sa\u00fade Mental?<\/strong><\/p>\r\n\r\n\r\n\r\n<p>O diabetes pode afetar a sa\u00fade mental de diversas maneiras. V\u00e1rios fatores contribuem para isso, desde os efeitos f\u00edsicos da doen\u00e7a at\u00e9 o impacto psicol\u00f3gico de viver com uma condi\u00e7\u00e3o cr\u00f4nica.<\/p>\r\n\r\n\r\n\r\n<p><strong>O Estresse de Controlar o Diabetes<\/strong><\/p>\r\n\r\n\r\n\r\n<p>O controle cont\u00ednuo do diabetes, com monitoramento da glicose, administra\u00e7\u00e3o de medicamentos e manuten\u00e7\u00e3o de uma dieta rigorosa, pode ser uma fonte constante de\u00a0<strong>estresse<\/strong>. O medo de complica\u00e7\u00f5es de longo prazo, como doen\u00e7as card\u00edacas, danos aos nervos e cegueira, tamb\u00e9m \u00e9 uma preocupa\u00e7\u00e3o significativa para muitos diab\u00e9ticos.<\/p>\r\n\r\n\r\n\r\n<p>Estudos mostram que o estresse elevado pode prejudicar o controle da glicose, criando um ciclo vicioso, onde o estresse aumenta os n\u00edveis de a\u00e7\u00facar no sangue e n\u00edveis elevados de a\u00e7\u00facar no sangue, por sua vez, podem piorar o estado emocional de uma pessoa*Depress\u00e3o e Diabetes** A\u00a0<strong>depress\u00e3o<\/strong>\u00a0\u00e9 uma condi\u00e7\u00e3o comum entre pessoas com diabetes, com estudos sugerindo que diab\u00e9ticos t\u00eam o dobro da probabilidade de sofrer de depress\u00e3o do que a popula\u00e7\u00e3o em geral. Isso pode ser devido a uma combina\u00e7\u00e3o de fatores biol\u00f3gicos, psicol\u00f3gicos e sociais.<\/p>\r\n\r\n\r\n\r\n<p>A depress\u00e3o pode tornar mais dif\u00edcil para os indiv\u00edduos com diabetes seguir os planos de tratamento, controlar sua alimenta\u00e7\u00e3o ou se exercitar regularmente, o que pode levar a um aumento nos n\u00edveis de glicose e um agravamento das complica\u00e7\u00f5es do diabetes. Al\u00e9m disso, a fadiga associada \u00e0 depress\u00e3o pode dificultar ainda mais o controle da doen\u00e7a .<\/p>\r\n\r\n\r\n\r\n<p><strong>e em Pacientes Diab\u00e9ticos**<\/strong><\/p>\r\n\r\n\r\n\r\n<p>A\u00a0<strong>ansiedade<\/strong>\u00a0tamb\u00e9m \u00e9 prevalente entre os diab\u00e9ticos, muitas vezes relacionada ao medo de complica\u00e7\u00f5es, incerteza sobre o futuro e as dificuldades di\u00e1rias no manejo da doen\u00e7a. O controle constante da glicose e os requisitos rigorosos de estilo de vida podem criar uma sensa\u00e7\u00e3o de sobrecarga emocional e tens\u00e3o.<\/p>\r\n\r\n\r\n\r\n<p>O impacto da ansiedade na sa\u00fade mental pode afetar diretamente a qualidade de vida, aumentando a percep\u00e7\u00e3o de dor, prejudicando o sono e piorando o bem-estar geral do paciente .<\/p>\r\n\r\n\r\n\r\n<p><strong>2. O Efeutua\u00e7\u00f5es na Glicose sobre a Sa\u00fade Mental<\/strong><\/p>\r\n\r\n\r\n\r\n<p>As varia\u00e7\u00f5es nos n\u00edveis de glicose podem afetar diretamente o estado emocional de uma pessoa. Quando os n\u00edveis de glicose no sangue est\u00e3o muito altos (hiperglicemia) ou muito baixos (hipoglicemia), os sintomas podem incluir fadiga, irritabilidade, dificuldade de concentra\u00e7\u00e3o e at\u00e9 confus\u00e3o mental, o que pode agravar os sentimentos de ansiedade e estresse.<\/p>\r\n\r\n\r\n\r\n<p>Al\u00e9m disso, as flutua\u00e7\u00f5es nos n\u00edveis de glicose podem desencadear ou agravar epis\u00f3dios depressivos, criando uma rela\u00e7\u00e3o direta entre o controle glic\u00eamico e a sa\u00fade mental .<\/p>\r\n\r\n\r\n\r\n<p><strong>3. Fatores Sociai\u00f3gicos<\/strong><\/p>\r\n\r\n\r\n\r\n<p>A forma como as pessoas lidam com o diagn\u00f3stico de diabetes e os desafios di\u00e1rios de viver com a doen\u00e7a pode afetar sua sa\u00fade mental. O\u00a0<strong>isolamento social<\/strong>, o\u00a0<strong>estigma<\/strong>\u00a0associado ao diabetes (especialmente ao diabetes tipo 2) e a\u00a0<strong>falta de apoio<\/strong>emocional podem aumentar a vulnerabilidade a dist\u00farbios mentais.<\/p>\r\n\r\n\r\n\r\n<p>Estudos indicam que o\u00a0<strong>apoio social<\/strong>\u00a0positivo pode reduzir significativamente os efeitos do estresse e da depress\u00e3o, melhorando tanto a sa\u00fade mental quanto o controle glic\u00eamico. O suporte de familiares, amigos e grupos de apoio pode ajudar as pessoas a enfrentarem melhor as dificuldades relacionadas \u00e0 diabetes .<\/p>\r\n\r\n\r\n\r\n<p><strong>4. Estrat\u00e9gias para Melhor Mental em Pacientes com Diabetes<\/strong><\/p>\r\n\r\n\r\n\r\n<p><strong>Aconselhamento Psicol\u00f3gico e Terapia Cognitivo-Comportamental (TCC)<\/strong><\/p>\r\n\r\n\r\n\r\n<p>A terapia cognitivo-comportamental (TCC) \u00e9 uma abordagem eficaz no tratamento de depress\u00e3o e ansiedade em pacientes com diabetes. A TCC ajuda os pacientes a identificarem padr\u00f5es de pensamento negativos e a desenvolverem estrat\u00e9gias para lidar com o estresse de maneira mais positiva. A terapia tamb\u00e9m pode ser \u00fatil para promover a ader\u00eancia ao tratamento e melhorar a autoestima.<\/p>\r\n\r\n\r\n\r\n<p><strong>Atividade F\u00edsica<\/strong><\/p>\r\n\r\n\r\n\r\n<p>O exerc\u00edcio regular tem um impacto positivo na sa\u00fade mental e pode reduzir sintomas de depress\u00e3o e ansiedade. A pr\u00e1tica de atividades f\u00edsicas libera\u00a0<strong>endorfinas<\/strong>, horm\u00f4nios que promovem a sensa\u00e7\u00e3o de bem-estar e ajudam a reduzir o estresse. Al\u00e9m disso, a atividade f\u00edsica melhora o controle glic\u00eamico, o que tamb\u00e9m contribui para uma melhor sa\u00fade mental .<\/p>\r\n\r\n\r\n\r\n<p><strong>**T\u00e9cnicas de Relaxamento e Mindfulnicas de relaxamento e mindfulness, como medita\u00e7\u00e3o, yoga e t\u00e9cnicas de respira\u00e7\u00e3o profunda, podem ajudar a reduzir a ansiedade e melhorar o foco e a clareza mental. Essas abordagens ajudam a reduzir os n\u00edveis de cortisol (o horm\u00f4nio do estresse) e aumentam a sensa\u00e7\u00e3o de calma e controle.<\/strong><\/p>\r\n\r\n\r\n\r\n<p><strong>Educa\u00e7\u00e3o em Diabetes<\/strong><\/p>\r\n\r\n\r\n\r\n<p>A educa\u00e7\u00e3o sobre o diabetes, seus efeitos e como gerenci\u00e1-lo pode reduzir a incerteza e o medo, dois fatores que contribuem significativamente para o estresse e a ansiedade. Saber como gerenciar a condi\u00e7\u00e3o de forma eficaz tamb\u00e9m pode melhorar a autoconfian\u00e7a e o bem-estar psicol\u00f3gico.<\/p>\r\n\r\n\r\n\r\n<p><strong>5. Import\u00e2ncia do Suporte Social<\/strong><\/p>\r\n\r\n\r\n\r\n<p>O suporte emocional de amigos, familiares e profissionais de sa\u00fade desempenha um papel importante na sa\u00fade mental de pacientes com diabetes. Ter uma rede de apoio pode ajudar a reduzir o isolamento, aumentar a motiva\u00e7\u00e3o para seguir o tratamento e melhorar a qualidade de vida.<\/p>\r\n\r\n\r\n\r\n<p>Grupos de apoio, tanto online quanto presenciais, podem ser especialmente \u00fateis para compartilhar experi\u00eancias, aprender estrat\u00e9gias de enfrentamento e reduzir o estigma associado ao diabetes.<\/p>\r\n\r\n\r\n<hr class=\"wp-block-separator has-alpha-channel-opacity\" \/>\r\n\r\n\r\n<p><strong>Conclus\u00e3o<\/strong><\/p>\r\n\r\n\r\n\r\n<p>A rela\u00e7\u00e3o entre\u00a0<strong>diabetes<\/strong>\u00a0e\u00a0<strong>sa\u00fade mental<\/strong>\u00a0\u00e9 complexa, com m\u00faltiplos fatores que influenciam tanto o controle da doen\u00e7a quanto o bem-estar psicol\u00f3gico dos pacientes.\u00a0<strong>Depress\u00e3o<\/strong>,\u00a0<strong>ansiedade<\/strong>\u00a0e\u00a0<strong>estresse<\/strong>\u00a0s\u00e3o condi\u00e7\u00f5es comuns em pessoas com diabetes, que podem piorar o controle glic\u00eamico e aumentar os riscos de complica\u00e7\u00f5es. No entanto, com estrat\u00e9gias eficazes, como terapia, exerc\u00edcio, pr\u00e1ticas de relaxamento e apoio social, \u00e9 poss\u00edvel melhorar a sa\u00fade mental e a qualidade de vida dos diab\u00e9ticos.<\/p>\r\n\r\n\r\n\r\n<p>O manejo adequado do diabetes n\u00e3o deve se concentrar apenas no controle f\u00edsico da doen\u00e7a, mas tamb\u00e9m no cuidado emocional e psicol\u00f3gico. Com o suporte certo e abordagens integradas, as pessoas com diabetes podem viver de forma mais saud\u00e1vel e equilibrada, melhorando tanto sua sa\u00fade f\u00edsica quanto mental.<\/p>\r\n\r\n\r\n<hr class=\"wp-block-separator has-alpha-channel-opacity\" \/>\r\n\r\n\r\n<p><strong>Refer\u00eancias Cient\u00edficas<\/strong><\/p>\r\n\r\n\r\n\r\n<ol class=\"wp-block-list\" start=\"1\">\r\n<li><strong>American Diabetes Association<\/strong>. (2020). &#8220;Mental Health and Diabetes.&#8221;\u00a0<em>Diabetes Care<\/em>, 43(3), 586-593.<\/li>\r\n\r\n\r\n\r\n<li><strong>National Institute of Diabetes and Digestive and Kidney Diseases (NIDDK)<\/strong>.\u00a0(2021). &#8220;The Impact of Diabetes on Mental Health.&#8221;\u00a0<a href=\"https:\/\/www.niddk.nih.gov\/\">Link<\/a><\/li>\r\n\r\n\r\n\r\n<li><strong>Middlesex University<\/strong>. (2020). &#8220;Mental Health and Diabetes.&#8221;\u00a0<em>Journal of Psychosomatic Research<\/em>, 92, 16-23.<\/li>\r\n\r\n\r\n\r\n<li><strong>World Health Organization (WHO)<\/strong>. (2019). &#8220;Diabetes and Mental Health.&#8221;\u00a0<a href=\"https:\/\/www.who.int\/\">Link<\/a><\/li>\r\n\r\n\r\n\r\n<li><strong>Centers for Disease Control and Prevention (CDC)<\/strong>.\u00a0(2020). &#8220;Diabetes and Emotional Health.&#8221;\u00a0<a href=\"https:\/\/www.cdc.gov\/\">Link<\/a><\/li>\r\n\r\n\r\n\r\n<li><strong>Harvard Health Publishing<\/strong>. (2021). &#8220;The Benefits of Exercise for Mental Health.&#8221;\u00a0<a href=\"https:\/\/www.health.harvard.edu\/\">Link<\/a><\/li>\r\n<\/ol>\r\n","protected":false},"excerpt":{"rendered":"Introdu\u00e7\u00e3oA rela\u00e7\u00e3o entre\u00a0diabetes\u00a0e\u00a0sa\u00fade mental\u00a0\u00e9 um tema de crescente interesse, especialmente \u00e0 medida que se reconhece a import\u00e2ncia do&hellip;\n","protected":false},"author":2,"featured_media":550,"comment_status":"open","ping_status":"open","sticky":false,"template":"","format":"standard","meta":{"csco_singular_sidebar":"","csco_page_header_type":"","csco_appearance_masonry":"","csco_page_load_nextpost":"","csco_post_video_location":[],"csco_post_video_location_hash":"","csco_post_video_url":"","csco_post_video_bg_start_time":0,"csco_post_video_bg_end_time":0,"footnotes":""},"categories":[8,4],"tags":[],"class_list":{"0":"post-391","1":"post","2":"type-post","3":"status-publish","4":"format-standard","5":"has-post-thumbnail","7":"category-cuidados-com-a-saude","8":"category-doencas-e-condicoes","9":"cs-entry","10":"cs-video-wrap"},"yoast_head":"<!-- This site is optimized with the Yoast SEO plugin v27.4 - https:\/\/yoast.com\/product\/yoast-seo-wordpress\/ -->\n<title>A Rela\u00e7\u00e3o entre Diabetes e Sa\u00fade Mental: Compreendendo os Desafios e Buscando Solu\u00e7\u00f5es - Natural Flora<\/title>\n<meta name=\"robots\" content=\"index, follow, max-snippet:-1, max-image-preview:large, max-video-preview:-1\" \/>\n<link rel=\"canonical\" href=\"https:\/\/blog.naturalflora.com.br\/?p=391\" \/>\n<meta property=\"og:locale\" content=\"en_US\" \/>\n<meta property=\"og:type\" content=\"article\" \/>\n<meta property=\"og:title\" content=\"A Rela\u00e7\u00e3o entre Diabetes e Sa\u00fade Mental: Compreendendo os Desafios e Buscando Solu\u00e7\u00f5es - Natural Flora\" \/>\n<meta property=\"og:description\" content=\"Introdu\u00e7\u00e3oA rela\u00e7\u00e3o entre\u00a0diabetes\u00a0e\u00a0sa\u00fade mental\u00a0\u00e9 um tema de crescente interesse, especialmente \u00e0 medida que se reconhece a import\u00e2ncia do&hellip;\" \/>\n<meta property=\"og:url\" content=\"https:\/\/blog.naturalflora.com.br\/?p=391\" \/>\n<meta property=\"og:site_name\" content=\"Natural Flora\" \/>\n<meta property=\"article:published_time\" content=\"2024-11-11T17:03:51+00:00\" \/>\n<meta property=\"article:modified_time\" content=\"2024-11-19T19:13:42+00:00\" \/>\n<meta property=\"og:image\" content=\"https:\/\/blog.naturalflora.com.br\/wp-content\/uploads\/2024\/11\/A-Relacao-entre-Diabetes-e-Saude-Mental_-Compreendendo-os-Desafios-e-Buscando-Solucoes.png\" \/>\n\t<meta property=\"og:image:width\" content=\"1200\" \/>\n\t<meta property=\"og:image:height\" content=\"800\" \/>\n\t<meta property=\"og:image:type\" content=\"image\/png\" \/>\n<meta name=\"author\" content=\"Reda\u00e7\u00e3o Natural Flora\" \/>\n<meta name=\"twitter:card\" content=\"summary_large_image\" \/>\n<meta name=\"twitter:label1\" content=\"Written by\" \/>\n\t<meta name=\"twitter:data1\" content=\"Reda\u00e7\u00e3o Natural Flora\" \/>\n\t<meta name=\"twitter:label2\" content=\"Est. reading time\" \/>\n\t<meta name=\"twitter:data2\" content=\"7 minutes\" \/>\n<script type=\"application\/ld+json\" class=\"yoast-schema-graph\">{\"@context\":\"https:\\\/\\\/schema.org\",\"@graph\":[{\"@type\":\"Article\",\"@id\":\"https:\\\/\\\/blog.naturalflora.com.br\\\/?p=391#article\",\"isPartOf\":{\"@id\":\"https:\\\/\\\/blog.naturalflora.com.br\\\/?p=391\"},\"author\":{\"name\":\"Reda\u00e7\u00e3o Natural Flora\",\"@id\":\"https:\\\/\\\/blog.naturalflora.com.br\\\/#\\\/schema\\\/person\\\/99e756373ea537fcbd0d5c5c5fd7ed7b\"},\"headline\":\"A Rela\u00e7\u00e3o entre Diabetes e Sa\u00fade Mental: Compreendendo os Desafios e Buscando Solu\u00e7\u00f5es\",\"datePublished\":\"2024-11-11T17:03:51+00:00\",\"dateModified\":\"2024-11-19T19:13:42+00:00\",\"mainEntityOfPage\":{\"@id\":\"https:\\\/\\\/blog.naturalflora.com.br\\\/?p=391\"},\"wordCount\":1291,\"commentCount\":0,\"image\":{\"@id\":\"https:\\\/\\\/blog.naturalflora.com.br\\\/?p=391#primaryimage\"},\"thumbnailUrl\":\"https:\\\/\\\/blog.naturalflora.com.br\\\/wp-content\\\/uploads\\\/2024\\\/11\\\/A-Relacao-entre-Diabetes-e-Saude-Mental_-Compreendendo-os-Desafios-e-Buscando-Solucoes.png\",\"articleSection\":[\"Cuidados com a Sa\u00fade\",\"Doen\u00e7as e Condi\u00e7\u00f5es\"],\"inLanguage\":\"en-US\",\"potentialAction\":[{\"@type\":\"CommentAction\",\"name\":\"Comment\",\"target\":[\"https:\\\/\\\/blog.naturalflora.com.br\\\/?p=391#respond\"]}]},{\"@type\":\"WebPage\",\"@id\":\"https:\\\/\\\/blog.naturalflora.com.br\\\/?p=391\",\"url\":\"https:\\\/\\\/blog.naturalflora.com.br\\\/?p=391\",\"name\":\"A Rela\u00e7\u00e3o entre Diabetes e Sa\u00fade Mental: Compreendendo os Desafios e Buscando Solu\u00e7\u00f5es - Natural Flora\",\"isPartOf\":{\"@id\":\"https:\\\/\\\/blog.naturalflora.com.br\\\/#website\"},\"primaryImageOfPage\":{\"@id\":\"https:\\\/\\\/blog.naturalflora.com.br\\\/?p=391#primaryimage\"},\"image\":{\"@id\":\"https:\\\/\\\/blog.naturalflora.com.br\\\/?p=391#primaryimage\"},\"thumbnailUrl\":\"https:\\\/\\\/blog.naturalflora.com.br\\\/wp-content\\\/uploads\\\/2024\\\/11\\\/A-Relacao-entre-Diabetes-e-Saude-Mental_-Compreendendo-os-Desafios-e-Buscando-Solucoes.png\",\"datePublished\":\"2024-11-11T17:03:51+00:00\",\"dateModified\":\"2024-11-19T19:13:42+00:00\",\"author\":{\"@id\":\"https:\\\/\\\/blog.naturalflora.com.br\\\/#\\\/schema\\\/person\\\/99e756373ea537fcbd0d5c5c5fd7ed7b\"},\"breadcrumb\":{\"@id\":\"https:\\\/\\\/blog.naturalflora.com.br\\\/?p=391#breadcrumb\"},\"inLanguage\":\"en-US\",\"potentialAction\":[{\"@type\":\"ReadAction\",\"target\":[\"https:\\\/\\\/blog.naturalflora.com.br\\\/?p=391\"]}]},{\"@type\":\"ImageObject\",\"inLanguage\":\"en-US\",\"@id\":\"https:\\\/\\\/blog.naturalflora.com.br\\\/?p=391#primaryimage\",\"url\":\"https:\\\/\\\/blog.naturalflora.com.br\\\/wp-content\\\/uploads\\\/2024\\\/11\\\/A-Relacao-entre-Diabetes-e-Saude-Mental_-Compreendendo-os-Desafios-e-Buscando-Solucoes.png\",\"contentUrl\":\"https:\\\/\\\/blog.naturalflora.com.br\\\/wp-content\\\/uploads\\\/2024\\\/11\\\/A-Relacao-entre-Diabetes-e-Saude-Mental_-Compreendendo-os-Desafios-e-Buscando-Solucoes.png\",\"width\":1200,\"height\":800},{\"@type\":\"BreadcrumbList\",\"@id\":\"https:\\\/\\\/blog.naturalflora.com.br\\\/?p=391#breadcrumb\",\"itemListElement\":[{\"@type\":\"ListItem\",\"position\":1,\"name\":\"In\u00edcio\",\"item\":\"https:\\\/\\\/blog.naturalflora.com.br\\\/\"},{\"@type\":\"ListItem\",\"position\":2,\"name\":\"A Rela\u00e7\u00e3o entre Diabetes e Sa\u00fade Mental: Compreendendo os Desafios e Buscando Solu\u00e7\u00f5es\"}]},{\"@type\":\"WebSite\",\"@id\":\"https:\\\/\\\/blog.naturalflora.com.br\\\/#website\",\"url\":\"https:\\\/\\\/blog.naturalflora.com.br\\\/\",\"name\":\"Natural Flora\",\"description\":\"\",\"potentialAction\":[{\"@type\":\"SearchAction\",\"target\":{\"@type\":\"EntryPoint\",\"urlTemplate\":\"https:\\\/\\\/blog.naturalflora.com.br\\\/?s={search_term_string}\"},\"query-input\":{\"@type\":\"PropertyValueSpecification\",\"valueRequired\":true,\"valueName\":\"search_term_string\"}}],\"inLanguage\":\"en-US\"},{\"@type\":\"Person\",\"@id\":\"https:\\\/\\\/blog.naturalflora.com.br\\\/#\\\/schema\\\/person\\\/99e756373ea537fcbd0d5c5c5fd7ed7b\",\"name\":\"Reda\u00e7\u00e3o Natural Flora\",\"image\":{\"@type\":\"ImageObject\",\"inLanguage\":\"en-US\",\"@id\":\"https:\\\/\\\/secure.gravatar.com\\\/avatar\\\/560ac9b18b85ef6f917a34bc047531491daea2430216ef2803a9433cd01b8bc4?s=96&d=mm&r=g\",\"url\":\"https:\\\/\\\/secure.gravatar.com\\\/avatar\\\/560ac9b18b85ef6f917a34bc047531491daea2430216ef2803a9433cd01b8bc4?s=96&d=mm&r=g\",\"contentUrl\":\"https:\\\/\\\/secure.gravatar.com\\\/avatar\\\/560ac9b18b85ef6f917a34bc047531491daea2430216ef2803a9433cd01b8bc4?s=96&d=mm&r=g\",\"caption\":\"Reda\u00e7\u00e3o Natural Flora\"},\"url\":\"https:\\\/\\\/blog.naturalflora.com.br\\\/?author=2\"}]}<\/script>\n<!-- \/ Yoast SEO plugin. -->","yoast_head_json":{"title":"A Rela\u00e7\u00e3o entre Diabetes e Sa\u00fade Mental: Compreendendo os Desafios e Buscando Solu\u00e7\u00f5es - Natural Flora","robots":{"index":"index","follow":"follow","max-snippet":"max-snippet:-1","max-image-preview":"max-image-preview:large","max-video-preview":"max-video-preview:-1"},"canonical":"https:\/\/blog.naturalflora.com.br\/?p=391","og_locale":"en_US","og_type":"article","og_title":"A Rela\u00e7\u00e3o entre Diabetes e Sa\u00fade Mental: Compreendendo os Desafios e Buscando Solu\u00e7\u00f5es - Natural Flora","og_description":"Introdu\u00e7\u00e3oA rela\u00e7\u00e3o entre\u00a0diabetes\u00a0e\u00a0sa\u00fade mental\u00a0\u00e9 um tema de crescente interesse, especialmente \u00e0 medida que se reconhece a import\u00e2ncia do&hellip;","og_url":"https:\/\/blog.naturalflora.com.br\/?p=391","og_site_name":"Natural Flora","article_published_time":"2024-11-11T17:03:51+00:00","article_modified_time":"2024-11-19T19:13:42+00:00","og_image":[{"width":1200,"height":800,"url":"https:\/\/blog.naturalflora.com.br\/wp-content\/uploads\/2024\/11\/A-Relacao-entre-Diabetes-e-Saude-Mental_-Compreendendo-os-Desafios-e-Buscando-Solucoes.png","type":"image\/png"}],"author":"Reda\u00e7\u00e3o Natural Flora","twitter_card":"summary_large_image","twitter_misc":{"Written by":"Reda\u00e7\u00e3o Natural Flora","Est. reading time":"7 minutes"},"schema":{"@context":"https:\/\/schema.org","@graph":[{"@type":"Article","@id":"https:\/\/blog.naturalflora.com.br\/?p=391#article","isPartOf":{"@id":"https:\/\/blog.naturalflora.com.br\/?p=391"},"author":{"name":"Reda\u00e7\u00e3o Natural Flora","@id":"https:\/\/blog.naturalflora.com.br\/#\/schema\/person\/99e756373ea537fcbd0d5c5c5fd7ed7b"},"headline":"A Rela\u00e7\u00e3o entre Diabetes e Sa\u00fade Mental: Compreendendo os Desafios e Buscando Solu\u00e7\u00f5es","datePublished":"2024-11-11T17:03:51+00:00","dateModified":"2024-11-19T19:13:42+00:00","mainEntityOfPage":{"@id":"https:\/\/blog.naturalflora.com.br\/?p=391"},"wordCount":1291,"commentCount":0,"image":{"@id":"https:\/\/blog.naturalflora.com.br\/?p=391#primaryimage"},"thumbnailUrl":"https:\/\/blog.naturalflora.com.br\/wp-content\/uploads\/2024\/11\/A-Relacao-entre-Diabetes-e-Saude-Mental_-Compreendendo-os-Desafios-e-Buscando-Solucoes.png","articleSection":["Cuidados com a Sa\u00fade","Doen\u00e7as e Condi\u00e7\u00f5es"],"inLanguage":"en-US","potentialAction":[{"@type":"CommentAction","name":"Comment","target":["https:\/\/blog.naturalflora.com.br\/?p=391#respond"]}]},{"@type":"WebPage","@id":"https:\/\/blog.naturalflora.com.br\/?p=391","url":"https:\/\/blog.naturalflora.com.br\/?p=391","name":"A Rela\u00e7\u00e3o entre Diabetes e Sa\u00fade Mental: Compreendendo os Desafios e Buscando Solu\u00e7\u00f5es - Natural Flora","isPartOf":{"@id":"https:\/\/blog.naturalflora.com.br\/#website"},"primaryImageOfPage":{"@id":"https:\/\/blog.naturalflora.com.br\/?p=391#primaryimage"},"image":{"@id":"https:\/\/blog.naturalflora.com.br\/?p=391#primaryimage"},"thumbnailUrl":"https:\/\/blog.naturalflora.com.br\/wp-content\/uploads\/2024\/11\/A-Relacao-entre-Diabetes-e-Saude-Mental_-Compreendendo-os-Desafios-e-Buscando-Solucoes.png","datePublished":"2024-11-11T17:03:51+00:00","dateModified":"2024-11-19T19:13:42+00:00","author":{"@id":"https:\/\/blog.naturalflora.com.br\/#\/schema\/person\/99e756373ea537fcbd0d5c5c5fd7ed7b"},"breadcrumb":{"@id":"https:\/\/blog.naturalflora.com.br\/?p=391#breadcrumb"},"inLanguage":"en-US","potentialAction":[{"@type":"ReadAction","target":["https:\/\/blog.naturalflora.com.br\/?p=391"]}]},{"@type":"ImageObject","inLanguage":"en-US","@id":"https:\/\/blog.naturalflora.com.br\/?p=391#primaryimage","url":"https:\/\/blog.naturalflora.com.br\/wp-content\/uploads\/2024\/11\/A-Relacao-entre-Diabetes-e-Saude-Mental_-Compreendendo-os-Desafios-e-Buscando-Solucoes.png","contentUrl":"https:\/\/blog.naturalflora.com.br\/wp-content\/uploads\/2024\/11\/A-Relacao-entre-Diabetes-e-Saude-Mental_-Compreendendo-os-Desafios-e-Buscando-Solucoes.png","width":1200,"height":800},{"@type":"BreadcrumbList","@id":"https:\/\/blog.naturalflora.com.br\/?p=391#breadcrumb","itemListElement":[{"@type":"ListItem","position":1,"name":"In\u00edcio","item":"https:\/\/blog.naturalflora.com.br\/"},{"@type":"ListItem","position":2,"name":"A Rela\u00e7\u00e3o entre Diabetes e Sa\u00fade Mental: Compreendendo os Desafios e Buscando Solu\u00e7\u00f5es"}]},{"@type":"WebSite","@id":"https:\/\/blog.naturalflora.com.br\/#website","url":"https:\/\/blog.naturalflora.com.br\/","name":"Natural Flora","description":"","potentialAction":[{"@type":"SearchAction","target":{"@type":"EntryPoint","urlTemplate":"https:\/\/blog.naturalflora.com.br\/?s={search_term_string}"},"query-input":{"@type":"PropertyValueSpecification","valueRequired":true,"valueName":"search_term_string"}}],"inLanguage":"en-US"},{"@type":"Person","@id":"https:\/\/blog.naturalflora.com.br\/#\/schema\/person\/99e756373ea537fcbd0d5c5c5fd7ed7b","name":"Reda\u00e7\u00e3o Natural Flora","image":{"@type":"ImageObject","inLanguage":"en-US","@id":"https:\/\/secure.gravatar.com\/avatar\/560ac9b18b85ef6f917a34bc047531491daea2430216ef2803a9433cd01b8bc4?s=96&d=mm&r=g","url":"https:\/\/secure.gravatar.com\/avatar\/560ac9b18b85ef6f917a34bc047531491daea2430216ef2803a9433cd01b8bc4?s=96&d=mm&r=g","contentUrl":"https:\/\/secure.gravatar.com\/avatar\/560ac9b18b85ef6f917a34bc047531491daea2430216ef2803a9433cd01b8bc4?s=96&d=mm&r=g","caption":"Reda\u00e7\u00e3o Natural Flora"},"url":"https:\/\/blog.naturalflora.com.br\/?author=2"}]}},"_links":{"self":[{"href":"https:\/\/blog.naturalflora.com.br\/index.php?rest_route=\/wp\/v2\/posts\/391","targetHints":{"allow":["GET"]}}],"collection":[{"href":"https:\/\/blog.naturalflora.com.br\/index.php?rest_route=\/wp\/v2\/posts"}],"about":[{"href":"https:\/\/blog.naturalflora.com.br\/index.php?rest_route=\/wp\/v2\/types\/post"}],"author":[{"embeddable":true,"href":"https:\/\/blog.naturalflora.com.br\/index.php?rest_route=\/wp\/v2\/users\/2"}],"replies":[{"embeddable":true,"href":"https:\/\/blog.naturalflora.com.br\/index.php?rest_route=%2Fwp%2Fv2%2Fcomments&post=391"}],"version-history":[{"count":2,"href":"https:\/\/blog.naturalflora.com.br\/index.php?rest_route=\/wp\/v2\/posts\/391\/revisions"}],"predecessor-version":[{"id":551,"href":"https:\/\/blog.naturalflora.com.br\/index.php?rest_route=\/wp\/v2\/posts\/391\/revisions\/551"}],"wp:featuredmedia":[{"embeddable":true,"href":"https:\/\/blog.naturalflora.com.br\/index.php?rest_route=\/wp\/v2\/media\/550"}],"wp:attachment":[{"href":"https:\/\/blog.naturalflora.com.br\/index.php?rest_route=%2Fwp%2Fv2%2Fmedia&parent=391"}],"wp:term":[{"taxonomy":"category","embeddable":true,"href":"https:\/\/blog.naturalflora.com.br\/index.php?rest_route=%2Fwp%2Fv2%2Fcategories&post=391"},{"taxonomy":"post_tag","embeddable":true,"href":"https:\/\/blog.naturalflora.com.br\/index.php?rest_route=%2Fwp%2Fv2%2Ftags&post=391"}],"curies":[{"name":"wp","href":"https:\/\/api.w.org\/{rel}","templated":true}]}}