{"id":628,"date":"2024-11-21T15:15:35","date_gmt":"2024-11-21T18:15:35","guid":{"rendered":"https:\/\/blog.naturalflora.com.br\/?p=628"},"modified":"2024-11-21T15:15:35","modified_gmt":"2024-11-21T18:15:35","slug":"a-importancia-do-sono-na-saude-das-criancas-dormir-bem-crescer-melhor-descubra-a-formula-do-sono-infantil","status":"publish","type":"post","link":"https:\/\/blog.naturalflora.com.br\/?p=628","title":{"rendered":"A Import\u00e2ncia do Sono na Sa\u00fade das Crian\u00e7as: &#8220;Dormir Bem, Crescer Melhor, Descubra a F\u00f3rmula do Sono Infantil&#8221;"},"content":{"rendered":"<p><strong>Introdu\u00e7\u00e3o<\/strong><\/p>\n<p>O sono \u00e9 um dos pilares mais importantes da sa\u00fade infantil, desempenhando um papel crucial no crescimento, no desenvolvimento cognitivo e no equil\u00edbrio emocional das crian\u00e7as. Apesar disso, muitas vezes o sono n\u00e3o recebe a aten\u00e7\u00e3o necess\u00e1ria, sendo prejudicado por rotinas desorganizadas, excesso de est\u00edmulos eletr\u00f4nicos ou outros fatores que afetam sua qualidade.<\/p>\n<p>Neste artigo, exploraremos como o sono impacta a sa\u00fade das crian\u00e7as, os benef\u00edcios de um descanso adequado e dicas pr\u00e1ticas para garantir noites tranquilas e restauradoras.<\/p>\n<ol>\n<li><strong> Por Que o Sono \u00e9 T\u00e3o Importante na Inf\u00e2ncia?<\/strong><\/li>\n<\/ol>\n<p>Durante o sono, o corpo realiza fun\u00e7\u00f5es vitais que afetam diretamente o desenvolvimento infantil. Abaixo est\u00e3o os principais benef\u00edcios:<\/p>\n<p><strong>1.1. Crescimento F\u00edsico<\/strong><\/p>\n<p>O horm\u00f4nio do crescimento (GH) \u00e9 liberado em maior quantidade durante o sono profundo, ajudando no crescimento dos ossos, m\u00fasculos e tecidos.<\/p>\n<p><strong>1.2. Desenvolvimento Cognitivo<\/strong><\/p>\n<p>O sono \u00e9 essencial para consolidar a mem\u00f3ria, melhorar a concentra\u00e7\u00e3o e facilitar o aprendizado. Estudos indicam que crian\u00e7as bem descansadas apresentam melhor desempenho escolar.<\/p>\n<p><strong>1.3. Regula\u00e7\u00e3o Emocional<\/strong><\/p>\n<p>Um sono adequado ajuda a controlar as emo\u00e7\u00f5es, reduzindo a irritabilidade e aumentando a capacidade de lidar com desafios.<\/p>\n<p><strong>1.4. Fortalecimento do Sistema Imunol\u00f3gico<\/strong><\/p>\n<p>O descanso fortalece as defesas do corpo, ajudando a prevenir infec\u00e7\u00f5es e outras doen\u00e7as.<\/p>\n<p><strong>1.5. Preven\u00e7\u00e3o de Problemas de Sa\u00fade<\/strong><\/p>\n<p>A falta de sono est\u00e1 associada a um risco maior de obesidade infantil, transtornos de ansiedade e d\u00e9ficit de aten\u00e7\u00e3o.<\/p>\n<ol start=\"2\">\n<li><strong> Quantas Horas de Sono as Crian\u00e7as Precisam?<\/strong><\/li>\n<\/ol>\n<p>A quantidade de sono necess\u00e1ria varia conforme a idade da crian\u00e7a:<\/p>\n<ul>\n<li><strong>Rec\u00e9m-nascidos (0 a 3 meses):<\/strong> 14 a 17 horas por dia.<\/li>\n<li><strong>Beb\u00eas (4 a 11 meses):<\/strong> 12 a 15 horas por dia.<\/li>\n<li><strong>Crian\u00e7as pequenas (1 a 2 anos):<\/strong> 11 a 14 horas por dia.<\/li>\n<li><strong>Crian\u00e7as em idade pr\u00e9-escolar (3 a 5 anos):<\/strong> 10 a 13 horas por dia.<\/li>\n<li><strong>Crian\u00e7as em idade escolar (6 a 13 anos):<\/strong> 9 a 11 horas por dia.<\/li>\n<\/ul>\n<ol start=\"3\">\n<li><strong> Problemas Comuns que Afetam o Sono Infantil<\/strong><\/li>\n<\/ol>\n<p><strong>3.1. Excesso de Est\u00edmulos Eletr\u00f4nicos<\/strong><\/p>\n<p>O uso de dispositivos como tablets e celulares antes de dormir pode interferir na produ\u00e7\u00e3o de melatonina, horm\u00f4nio que regula o sono.<\/p>\n<p><strong>3.2. Rotina Irregular<\/strong><\/p>\n<p>Hor\u00e1rios inconsistentes para dormir e acordar podem dificultar o estabelecimento de um ciclo de sono saud\u00e1vel.<\/p>\n<p><strong>3.3. Ansiedade ou Estresse<\/strong><\/p>\n<p>Mudan\u00e7as na rotina, como in\u00edcio na escola ou conflitos familiares, podem causar dificuldade para dormir.<\/p>\n<p><strong>3.4. Condi\u00e7\u00f5es M\u00e9dicas<\/strong><\/p>\n<p>Apneia do sono, refluxo gastroesof\u00e1gico ou alergias respirat\u00f3rias podem atrapalhar o descanso noturno.<\/p>\n<ol start=\"4\">\n<li><strong> Dicas para Melhorar o Sono das Crian\u00e7as<\/strong><\/li>\n<\/ol>\n<p><strong>4.1. Estabele\u00e7a uma Rotina Consistente<\/strong><\/p>\n<p>Mantenha hor\u00e1rios regulares para dormir e acordar, mesmo nos fins de semana. Isso ajuda o corpo a criar um padr\u00e3o de sono saud\u00e1vel.<\/p>\n<p><strong>4.2. Crie um Ambiente Favor\u00e1vel<\/strong><\/p>\n<p>O quarto deve ser escuro, silencioso e com temperatura agrad\u00e1vel. Utilize cortinas blackout para bloquear a luz externa.<\/p>\n<p><strong>4.3. Limite o Uso de Eletr\u00f4nicos<\/strong><\/p>\n<p>Evite o uso de telas pelo menos 1 hora antes de dormir. Substitua por atividades relaxantes, como leitura ou ouvir m\u00fasicas calmas.<\/p>\n<p><strong>4.4. Incentive Atividades F\u00edsicas<\/strong><\/p>\n<p>Crian\u00e7as ativas durante o dia tendem a dormir melhor \u00e0 noite. No entanto, evite atividades intensas pr\u00f3ximo \u00e0 hora de dormir.<\/p>\n<p><strong>4.5. Evite Estimulantes \u00e0 Noite<\/strong><\/p>\n<p>N\u00e3o ofere\u00e7a alimentos ou bebidas com cafe\u00edna, como chocolate ou refrigerantes, no per\u00edodo da noite.<\/p>\n<p><strong>4.6. Desenvolva Rituais Noturnos<\/strong><\/p>\n<p>Inclua atividades tranquilizantes antes de dormir, como tomar banho quente ou ler uma hist\u00f3ria.<\/p>\n<p><strong>4.7. Cuide da Alimenta\u00e7\u00e3o<\/strong><\/p>\n<p>Evite refei\u00e7\u00f5es pesadas antes de dormir. Prefira alimentos leves e que ajudem a relaxar, como banana ou leite morno.<\/p>\n<p><strong>4.8. Observe o Comportamento Noturno<\/strong><\/p>\n<p>Se notar roncos, pausas na respira\u00e7\u00e3o ou dificuldade constante para dormir, procure orienta\u00e7\u00e3o m\u00e9dica para avaliar poss\u00edveis problemas de sa\u00fade.<\/p>\n<ol start=\"5\">\n<li><strong> Como os Pais Podem Contribuir para um Bom Sono Infantil?<\/strong><\/li>\n<\/ol>\n<p>Os pais desempenham um papel crucial ao criar um ambiente que favore\u00e7a o sono de qualidade. Algumas estrat\u00e9gias incluem:<\/p>\n<ul>\n<li>Ser um exemplo ao manter hor\u00e1rios consistentes de sono.<\/li>\n<li>Respeitar os sinais de cansa\u00e7o da crian\u00e7a.<\/li>\n<li>Garantir que a rotina seja seguida mesmo em viagens ou per\u00edodos de f\u00e9rias.<\/li>\n<\/ul>\n<ol start=\"6\">\n<li><strong> Conclus\u00e3o<\/strong><\/li>\n<\/ol>\n<p>O sono de qualidade \u00e9 indispens\u00e1vel para o desenvolvimento f\u00edsico, emocional e cognitivo das crian\u00e7as. Estabelecer rotinas saud\u00e1veis, oferecer um ambiente prop\u00edcio e educar sobre a import\u00e2ncia do sono s\u00e3o passos fundamentais para promover o bem-estar infantil.<\/p>\n<p>Pais e cuidadores t\u00eam o poder de moldar h\u00e1bitos de sono que beneficiar\u00e3o as crian\u00e7as ao longo de toda a vida. Invista no descanso adequado e veja os benef\u00edcios refletidos na sa\u00fade e no comportamento dos pequenos!<\/p>\n<p><strong>Refer\u00eancias Cient\u00edficas<\/strong><\/p>\n<ol>\n<li>Centers for Disease Control and Prevention (CDC). &#8220;How Much Sleep Do Children Need?&#8221; Dispon\u00edvel em: <a href=\"https:\/\/www.cdc.gov\/sleep\">https:\/\/www.cdc.gov\/sleep<\/a><\/li>\n<li>American Academy of Pediatrics (AAP). &#8220;Healthy Sleep Habits for Children.&#8221; Dispon\u00edvel em: <a href=\"https:\/\/www.healthychildren.org\/\">https:\/\/www.healthychildren.org<\/a><\/li>\n<li>National Sleep Foundation. &#8220;Children and Sleep.&#8221; Dispon\u00edvel em: <a href=\"https:\/\/www.sleepfoundation.org\/\">https:\/\/www.sleepfoundation.org<\/a><\/li>\n<li>Organiza\u00e7\u00e3o Mundial da Sa\u00fade (OMS). &#8220;Sleep and Health in Childhood.&#8221; Dispon\u00edvel em: <a href=\"https:\/\/www.who.int\/\">https:\/\/www.who.int<\/a><\/li>\n<li>Harvard Medical School. &#8220;The Importance of Sleep for Kids.&#8221; Dispon\u00edvel em: <a href=\"https:\/\/www.health.harvard.edu\/\">https:\/\/www.health.harvard.edu<\/a><\/li>\n<\/ol>\n<p>&nbsp;<\/p>\n<p>&nbsp;<\/p>\n","protected":false},"excerpt":{"rendered":"Introdu\u00e7\u00e3o O sono \u00e9 um dos pilares mais importantes da sa\u00fade infantil, desempenhando um papel crucial no crescimento,&hellip;\n","protected":false},"author":2,"featured_media":0,"comment_status":"open","ping_status":"open","sticky":false,"template":"","format":"standard","meta":{"csco_singular_sidebar":"","csco_page_header_type":"","csco_appearance_masonry":"","csco_page_load_nextpost":"","csco_post_video_location":[],"csco_post_video_location_hash":"","csco_post_video_url":"","csco_post_video_bg_start_time":0,"csco_post_video_bg_end_time":0,"footnotes":""},"categories":[12],"tags":[],"class_list":{"0":"post-628","1":"post","2":"type-post","3":"status-publish","4":"format-standard","6":"category-saude-infantil","7":"cs-entry","8":"cs-video-wrap"},"yoast_head":"<!-- This site is optimized with the Yoast SEO plugin v27.4 - https:\/\/yoast.com\/product\/yoast-seo-wordpress\/ -->\n<title>A Import\u00e2ncia do Sono na Sa\u00fade das Crian\u00e7as: &quot;Dormir Bem, Crescer Melhor, Descubra a F\u00f3rmula do Sono Infantil&quot; - Natural Flora<\/title>\n<meta name=\"robots\" content=\"index, follow, max-snippet:-1, max-image-preview:large, max-video-preview:-1\" \/>\n<link rel=\"canonical\" href=\"https:\/\/blog.naturalflora.com.br\/?p=628\" \/>\n<meta property=\"og:locale\" content=\"en_US\" \/>\n<meta property=\"og:type\" content=\"article\" \/>\n<meta property=\"og:title\" content=\"A Import\u00e2ncia do Sono na Sa\u00fade das Crian\u00e7as: &quot;Dormir Bem, Crescer Melhor, Descubra a F\u00f3rmula do Sono Infantil&quot; - Natural Flora\" \/>\n<meta property=\"og:description\" content=\"Introdu\u00e7\u00e3o O sono \u00e9 um dos pilares mais importantes da sa\u00fade infantil, desempenhando um papel crucial no crescimento,&hellip;\" \/>\n<meta property=\"og:url\" content=\"https:\/\/blog.naturalflora.com.br\/?p=628\" \/>\n<meta property=\"og:site_name\" content=\"Natural Flora\" \/>\n<meta property=\"article:published_time\" content=\"2024-11-21T18:15:35+00:00\" \/>\n<meta name=\"author\" content=\"Reda\u00e7\u00e3o Natural Flora\" \/>\n<meta name=\"twitter:card\" content=\"summary_large_image\" \/>\n<meta name=\"twitter:label1\" content=\"Written by\" \/>\n\t<meta name=\"twitter:data1\" content=\"Reda\u00e7\u00e3o Natural Flora\" \/>\n\t<meta name=\"twitter:label2\" content=\"Est. reading time\" \/>\n\t<meta name=\"twitter:data2\" content=\"4 minutes\" \/>\n<script type=\"application\/ld+json\" class=\"yoast-schema-graph\">{\"@context\":\"https:\\\/\\\/schema.org\",\"@graph\":[{\"@type\":\"Article\",\"@id\":\"https:\\\/\\\/blog.naturalflora.com.br\\\/?p=628#article\",\"isPartOf\":{\"@id\":\"https:\\\/\\\/blog.naturalflora.com.br\\\/?p=628\"},\"author\":{\"name\":\"Reda\u00e7\u00e3o Natural Flora\",\"@id\":\"https:\\\/\\\/blog.naturalflora.com.br\\\/#\\\/schema\\\/person\\\/99e756373ea537fcbd0d5c5c5fd7ed7b\"},\"headline\":\"A Import\u00e2ncia do Sono na Sa\u00fade das Crian\u00e7as: &#8220;Dormir Bem, Crescer Melhor, Descubra a F\u00f3rmula do Sono Infantil&#8221;\",\"datePublished\":\"2024-11-21T18:15:35+00:00\",\"mainEntityOfPage\":{\"@id\":\"https:\\\/\\\/blog.naturalflora.com.br\\\/?p=628\"},\"wordCount\":894,\"commentCount\":0,\"articleSection\":[\"Sa\u00fade Infantil\"],\"inLanguage\":\"en-US\",\"potentialAction\":[{\"@type\":\"CommentAction\",\"name\":\"Comment\",\"target\":[\"https:\\\/\\\/blog.naturalflora.com.br\\\/?p=628#respond\"]}]},{\"@type\":\"WebPage\",\"@id\":\"https:\\\/\\\/blog.naturalflora.com.br\\\/?p=628\",\"url\":\"https:\\\/\\\/blog.naturalflora.com.br\\\/?p=628\",\"name\":\"A Import\u00e2ncia do Sono na Sa\u00fade das Crian\u00e7as: \\\"Dormir Bem, Crescer Melhor, Descubra a F\u00f3rmula do Sono Infantil\\\" - Natural Flora\",\"isPartOf\":{\"@id\":\"https:\\\/\\\/blog.naturalflora.com.br\\\/#website\"},\"datePublished\":\"2024-11-21T18:15:35+00:00\",\"author\":{\"@id\":\"https:\\\/\\\/blog.naturalflora.com.br\\\/#\\\/schema\\\/person\\\/99e756373ea537fcbd0d5c5c5fd7ed7b\"},\"breadcrumb\":{\"@id\":\"https:\\\/\\\/blog.naturalflora.com.br\\\/?p=628#breadcrumb\"},\"inLanguage\":\"en-US\",\"potentialAction\":[{\"@type\":\"ReadAction\",\"target\":[\"https:\\\/\\\/blog.naturalflora.com.br\\\/?p=628\"]}]},{\"@type\":\"BreadcrumbList\",\"@id\":\"https:\\\/\\\/blog.naturalflora.com.br\\\/?p=628#breadcrumb\",\"itemListElement\":[{\"@type\":\"ListItem\",\"position\":1,\"name\":\"In\u00edcio\",\"item\":\"https:\\\/\\\/blog.naturalflora.com.br\\\/\"},{\"@type\":\"ListItem\",\"position\":2,\"name\":\"A Import\u00e2ncia do Sono na Sa\u00fade das Crian\u00e7as: &#8220;Dormir Bem, Crescer Melhor, Descubra a F\u00f3rmula do Sono Infantil&#8221;\"}]},{\"@type\":\"WebSite\",\"@id\":\"https:\\\/\\\/blog.naturalflora.com.br\\\/#website\",\"url\":\"https:\\\/\\\/blog.naturalflora.com.br\\\/\",\"name\":\"Natural Flora\",\"description\":\"\",\"potentialAction\":[{\"@type\":\"SearchAction\",\"target\":{\"@type\":\"EntryPoint\",\"urlTemplate\":\"https:\\\/\\\/blog.naturalflora.com.br\\\/?s={search_term_string}\"},\"query-input\":{\"@type\":\"PropertyValueSpecification\",\"valueRequired\":true,\"valueName\":\"search_term_string\"}}],\"inLanguage\":\"en-US\"},{\"@type\":\"Person\",\"@id\":\"https:\\\/\\\/blog.naturalflora.com.br\\\/#\\\/schema\\\/person\\\/99e756373ea537fcbd0d5c5c5fd7ed7b\",\"name\":\"Reda\u00e7\u00e3o Natural Flora\",\"image\":{\"@type\":\"ImageObject\",\"inLanguage\":\"en-US\",\"@id\":\"https:\\\/\\\/secure.gravatar.com\\\/avatar\\\/560ac9b18b85ef6f917a34bc047531491daea2430216ef2803a9433cd01b8bc4?s=96&d=mm&r=g\",\"url\":\"https:\\\/\\\/secure.gravatar.com\\\/avatar\\\/560ac9b18b85ef6f917a34bc047531491daea2430216ef2803a9433cd01b8bc4?s=96&d=mm&r=g\",\"contentUrl\":\"https:\\\/\\\/secure.gravatar.com\\\/avatar\\\/560ac9b18b85ef6f917a34bc047531491daea2430216ef2803a9433cd01b8bc4?s=96&d=mm&r=g\",\"caption\":\"Reda\u00e7\u00e3o Natural Flora\"},\"url\":\"https:\\\/\\\/blog.naturalflora.com.br\\\/?author=2\"}]}<\/script>\n<!-- \/ Yoast SEO plugin. -->","yoast_head_json":{"title":"A Import\u00e2ncia do Sono na Sa\u00fade das Crian\u00e7as: \"Dormir Bem, Crescer Melhor, Descubra a F\u00f3rmula do Sono Infantil\" - Natural Flora","robots":{"index":"index","follow":"follow","max-snippet":"max-snippet:-1","max-image-preview":"max-image-preview:large","max-video-preview":"max-video-preview:-1"},"canonical":"https:\/\/blog.naturalflora.com.br\/?p=628","og_locale":"en_US","og_type":"article","og_title":"A Import\u00e2ncia do Sono na Sa\u00fade das Crian\u00e7as: \"Dormir Bem, Crescer Melhor, Descubra a F\u00f3rmula do Sono Infantil\" - Natural Flora","og_description":"Introdu\u00e7\u00e3o O sono \u00e9 um dos pilares mais importantes da sa\u00fade infantil, desempenhando um papel crucial no crescimento,&hellip;","og_url":"https:\/\/blog.naturalflora.com.br\/?p=628","og_site_name":"Natural Flora","article_published_time":"2024-11-21T18:15:35+00:00","author":"Reda\u00e7\u00e3o Natural Flora","twitter_card":"summary_large_image","twitter_misc":{"Written by":"Reda\u00e7\u00e3o Natural Flora","Est. reading time":"4 minutes"},"schema":{"@context":"https:\/\/schema.org","@graph":[{"@type":"Article","@id":"https:\/\/blog.naturalflora.com.br\/?p=628#article","isPartOf":{"@id":"https:\/\/blog.naturalflora.com.br\/?p=628"},"author":{"name":"Reda\u00e7\u00e3o Natural Flora","@id":"https:\/\/blog.naturalflora.com.br\/#\/schema\/person\/99e756373ea537fcbd0d5c5c5fd7ed7b"},"headline":"A Import\u00e2ncia do Sono na Sa\u00fade das Crian\u00e7as: &#8220;Dormir Bem, Crescer Melhor, Descubra a F\u00f3rmula do Sono Infantil&#8221;","datePublished":"2024-11-21T18:15:35+00:00","mainEntityOfPage":{"@id":"https:\/\/blog.naturalflora.com.br\/?p=628"},"wordCount":894,"commentCount":0,"articleSection":["Sa\u00fade Infantil"],"inLanguage":"en-US","potentialAction":[{"@type":"CommentAction","name":"Comment","target":["https:\/\/blog.naturalflora.com.br\/?p=628#respond"]}]},{"@type":"WebPage","@id":"https:\/\/blog.naturalflora.com.br\/?p=628","url":"https:\/\/blog.naturalflora.com.br\/?p=628","name":"A Import\u00e2ncia do Sono na Sa\u00fade das Crian\u00e7as: \"Dormir Bem, Crescer Melhor, Descubra a F\u00f3rmula do Sono Infantil\" - Natural Flora","isPartOf":{"@id":"https:\/\/blog.naturalflora.com.br\/#website"},"datePublished":"2024-11-21T18:15:35+00:00","author":{"@id":"https:\/\/blog.naturalflora.com.br\/#\/schema\/person\/99e756373ea537fcbd0d5c5c5fd7ed7b"},"breadcrumb":{"@id":"https:\/\/blog.naturalflora.com.br\/?p=628#breadcrumb"},"inLanguage":"en-US","potentialAction":[{"@type":"ReadAction","target":["https:\/\/blog.naturalflora.com.br\/?p=628"]}]},{"@type":"BreadcrumbList","@id":"https:\/\/blog.naturalflora.com.br\/?p=628#breadcrumb","itemListElement":[{"@type":"ListItem","position":1,"name":"In\u00edcio","item":"https:\/\/blog.naturalflora.com.br\/"},{"@type":"ListItem","position":2,"name":"A Import\u00e2ncia do Sono na Sa\u00fade das Crian\u00e7as: &#8220;Dormir Bem, Crescer Melhor, Descubra a F\u00f3rmula do Sono Infantil&#8221;"}]},{"@type":"WebSite","@id":"https:\/\/blog.naturalflora.com.br\/#website","url":"https:\/\/blog.naturalflora.com.br\/","name":"Natural Flora","description":"","potentialAction":[{"@type":"SearchAction","target":{"@type":"EntryPoint","urlTemplate":"https:\/\/blog.naturalflora.com.br\/?s={search_term_string}"},"query-input":{"@type":"PropertyValueSpecification","valueRequired":true,"valueName":"search_term_string"}}],"inLanguage":"en-US"},{"@type":"Person","@id":"https:\/\/blog.naturalflora.com.br\/#\/schema\/person\/99e756373ea537fcbd0d5c5c5fd7ed7b","name":"Reda\u00e7\u00e3o Natural Flora","image":{"@type":"ImageObject","inLanguage":"en-US","@id":"https:\/\/secure.gravatar.com\/avatar\/560ac9b18b85ef6f917a34bc047531491daea2430216ef2803a9433cd01b8bc4?s=96&d=mm&r=g","url":"https:\/\/secure.gravatar.com\/avatar\/560ac9b18b85ef6f917a34bc047531491daea2430216ef2803a9433cd01b8bc4?s=96&d=mm&r=g","contentUrl":"https:\/\/secure.gravatar.com\/avatar\/560ac9b18b85ef6f917a34bc047531491daea2430216ef2803a9433cd01b8bc4?s=96&d=mm&r=g","caption":"Reda\u00e7\u00e3o Natural Flora"},"url":"https:\/\/blog.naturalflora.com.br\/?author=2"}]}},"_links":{"self":[{"href":"https:\/\/blog.naturalflora.com.br\/index.php?rest_route=\/wp\/v2\/posts\/628","targetHints":{"allow":["GET"]}}],"collection":[{"href":"https:\/\/blog.naturalflora.com.br\/index.php?rest_route=\/wp\/v2\/posts"}],"about":[{"href":"https:\/\/blog.naturalflora.com.br\/index.php?rest_route=\/wp\/v2\/types\/post"}],"author":[{"embeddable":true,"href":"https:\/\/blog.naturalflora.com.br\/index.php?rest_route=\/wp\/v2\/users\/2"}],"replies":[{"embeddable":true,"href":"https:\/\/blog.naturalflora.com.br\/index.php?rest_route=%2Fwp%2Fv2%2Fcomments&post=628"}],"version-history":[{"count":1,"href":"https:\/\/blog.naturalflora.com.br\/index.php?rest_route=\/wp\/v2\/posts\/628\/revisions"}],"predecessor-version":[{"id":629,"href":"https:\/\/blog.naturalflora.com.br\/index.php?rest_route=\/wp\/v2\/posts\/628\/revisions\/629"}],"wp:attachment":[{"href":"https:\/\/blog.naturalflora.com.br\/index.php?rest_route=%2Fwp%2Fv2%2Fmedia&parent=628"}],"wp:term":[{"taxonomy":"category","embeddable":true,"href":"https:\/\/blog.naturalflora.com.br\/index.php?rest_route=%2Fwp%2Fv2%2Fcategories&post=628"},{"taxonomy":"post_tag","embeddable":true,"href":"https:\/\/blog.naturalflora.com.br\/index.php?rest_route=%2Fwp%2Fv2%2Ftags&post=628"}],"curies":[{"name":"wp","href":"https:\/\/api.w.org\/{rel}","templated":true}]}}