{"id":665,"date":"2024-11-22T14:32:24","date_gmt":"2024-11-22T17:32:24","guid":{"rendered":"https:\/\/blog.naturalflora.com.br\/?p=665"},"modified":"2024-11-22T14:37:36","modified_gmt":"2024-11-22T17:37:36","slug":"o-papel-da-atividade-fisica-no-desenvolvimento-infantil","status":"publish","type":"post","link":"https:\/\/blog.naturalflora.com.br\/?p=665","title":{"rendered":"O Papel da Atividade F\u00edsica no Desenvolvimento Infantil&#8221;Movimento e Crescimento: Como a Atividade F\u00edsica Contribui para o Bem-Estar e o Desenvolvimento das Crian\u00e7as&#8221;"},"content":{"rendered":"<p>&nbsp;<\/p>\n<p><i>\u00a0<\/i><\/p>\n<p><strong>Introdu\u00e7\u00e3o<\/strong><\/p>\n<p>A inf\u00e2ncia \u00e9 uma fase de crescimento acelerada e forma\u00e7\u00e3o de h\u00e1bitos que impactam toda a vida. Durante esse per\u00edodo, a atividade f\u00edsica desempenha um papel crucial, indo al\u00e9m de manter as crian\u00e7as em movimento. Ela \u00e9 fundamental para o desenvolvimento f\u00edsico, cognitivo, emocional e social.<\/p>\n<p>Infelizmente, o estilo de vida moderno, com excesso de telas e ambientes urbanos limitados, tem limitado o tempo que as crian\u00e7as passam se movimentando. Por isso, compreender a import\u00e2ncia da atividade f\u00edsica e incentivar a forma pr\u00e1tica \u00e9 essencial para garantir um futuro saud\u00e1vel.<\/p>\n<ol>\n<li><strong> Por que a atividade f\u00edsica \u00e9 crucial na inf\u00e2ncia?<\/strong><\/li>\n<\/ol>\n<p><strong>1.1. Desenvolvimento Motor e Coordena\u00e7\u00e3o<\/strong><\/p>\n<p>Na inf\u00e2ncia, o corpo est\u00e1 em constante transforma\u00e7\u00e3o. A pr\u00e1tica de atividades f\u00edsicas estimula a coordena\u00e7\u00e3o motora fina e grossa, ajudando a crian\u00e7a a desenvolver habilidades como equil\u00edbrio, for\u00e7a e agilidade.<\/p>\n<p><strong>1.2. Crescimento \u00d3sseo e Muscular<\/strong><\/p>\n<p>Exerc\u00edcios como correr, pular e escalar estimulam a densidade \u00f3ssea, fortalecem os m\u00fasculos e previnem problemas posturais. Estudos mostram que crian\u00e7as fisicamente ativas t\u00eam menor risco de desenvolver osteoporose na vida adulta.<\/p>\n<p><strong>1.3. Sa\u00fade Cardiovascular e Respirat\u00f3ria<\/strong><\/p>\n<p>A atividade f\u00edsica regular melhora a circula\u00e7\u00e3o sangu\u00ednea, a capacidade pulmonar e a sa\u00fade do cora\u00e7\u00e3o, prevenindo problemas cardiovasculares futuros.<\/p>\n<p><strong>1.4. Regulamento do Peso Corporal<\/strong><\/p>\n<p>Com o aumento da obesidade infantil em todo o mundo, o exerc\u00edcio f\u00edsico \u00e9 uma ferramenta poderosa para manter o peso saud\u00e1vel, equilibrando o gasto cal\u00f3rico e promovendo o metabolismo adequado.<\/p>\n<ol start=\"2\">\n<li><strong> Benef\u00edcios Psicol\u00f3gicos e Emocionais da Atividade F\u00edsica<\/strong><\/li>\n<\/ol>\n<p><strong>2.1. Combate ao Estresse e Ansiedade<\/strong><\/p>\n<p>Os exerc\u00edcios liberam endorfina, o horm\u00f4nio do bem-estar, que reduz a ansiedade, melhora o humor e proporciona uma sensa\u00e7\u00e3o de relaxamento.<\/p>\n<p><strong>2.2. Constru\u00e7\u00e3o da Autoconfian\u00e7a<\/strong><\/p>\n<p>Participar de esportes ou atividades f\u00edsicas promove a sensa\u00e7\u00e3o de conquista e pertencimento, fortalecendo a autoestima das crian\u00e7as.<\/p>\n<p><strong>2.3. Melhoria Cognitiva e Escolar<\/strong><\/p>\n<p>Estudos indicam que a pr\u00e1tica regular de atividades f\u00edsicas aumenta a capacidade de concentra\u00e7\u00e3o e mem\u00f3ria, melhorando o desempenho acad\u00eamico. As crian\u00e7as ativas conseguem gerenciar melhor o tempo e lidar com os desafios intelectuais.<\/p>\n<p><strong>2.4. Desenvolvimento de Habilidades Sociais<\/strong><\/p>\n<p>Atividades coletivas, como esportes em equipe, ensinam valores como empatia, coopera\u00e7\u00e3o e resolu\u00e7\u00e3o de conflitos, essenciais para a conviv\u00eancia social.<\/p>\n<ol start=\"3\">\n<li><strong> Tipos de Atividade F\u00edsica por Idade<\/strong><\/li>\n<\/ol>\n<p><strong>3.1. Primeira Inf\u00e2ncia (0-5 anos)<\/strong><\/p>\n<ul>\n<li><strong>Caracter\u00edsticas:<\/strong> Movimentos explorat\u00f3rios e brincadeiras espont\u00e2neas.<\/li>\n<li><strong>Sugest\u00f5es:<\/strong> Engajar, brincar com bolas, dan\u00e7ar e correr em espa\u00e7os abertos.<\/li>\n<li><strong>Benef\u00edcios:<\/strong> Melhora a coordena\u00e7\u00e3o motora e est\u00edmulo ao aprendizado.<\/li>\n<\/ul>\n<p><strong>3.2. Idade Escolar (6-12 anos)<\/strong><\/p>\n<ul>\n<li><strong>Caracter\u00edsticas:<\/strong> Desenvolvimento de habilidades espec\u00edficas.<\/li>\n<li><strong>Sugest\u00f5es:<\/strong> Esportes organizados, nata\u00e7\u00e3o, artes marciais, dan\u00e7as e brincadeiras como pega-pega e esconde-esconde.<\/li>\n<li><strong>Benef\u00edcios:<\/strong> Fortalece o corpo, promove intera\u00e7\u00e3o social e aumenta a autoconfian\u00e7a.<\/li>\n<\/ul>\n<p><strong>3.3. Adolesc\u00eancia (13 anos ou mais)<\/strong><\/p>\n<ul>\n<li><strong>Caracter\u00edsticas:<\/strong> Consolida\u00e7\u00e3o de interesses e rotinas.<\/li>\n<li><strong>Sugest\u00f5es:<\/strong> Treinamento funcional, esportes competitivos ou atividades recreativas, como ciclismo e trilhas.<\/li>\n<li><strong>Benef\u00edcios:<\/strong> Ajuda no controle emocional e na constru\u00e7\u00e3o de h\u00e1bitos duradouros.<\/li>\n<\/ul>\n<ol start=\"4\">\n<li><strong> Como promover a atividade f\u00edsica?<\/strong><\/li>\n<\/ol>\n<p><strong>4.1. Envolve Toda a Fam\u00edlia<\/strong><\/p>\n<p>As crian\u00e7as se inspiram nos adultos ao seu redor. Fazer caminhadas, passeios de bicicleta ou at\u00e9 brincar juntos estimula o interesse dos pequenos pela atividade f\u00edsica.<\/p>\n<p><strong>4.2. Crie Espa\u00e7os Seguros e Convidativos<\/strong><\/p>\n<p>Garanta que as crian\u00e7as tenham acesso a locais seguros, como parques, quadras e playgrounds, onde possam se movimentar livremente.<\/p>\n<p><strong>4.3. Brincadeiras de Incentivo ao Ar Livre<\/strong><\/p>\n<p>O contato com a natureza \u00e9 um est\u00edmulo adicional. Atividades como pular corda, jogar bola ou subir em \u00e1rvores ajudam a desenvolver a criatividade e a coopera\u00e7\u00e3o.<\/p>\n<p><strong>4.4. Respeite as Prefer\u00eancias da Crian\u00e7a<\/strong><\/p>\n<p>Cada crian\u00e7a \u00e9 \u00fanica. Alguns esportes coletivos s\u00e3o preferidos, enquanto outros se sentem mais \u00e0 vontade em atividades individuais. Identifique as prefer\u00eancias e apoie suas escolhas.<\/p>\n<p><strong>4.5. Limite o Tempo de Tela<\/strong><\/p>\n<p>A exposi\u00e7\u00e3o excessiva a dispositivos eletr\u00f4nicos prejudica o movimento. Estabele\u00e7a limites claros e ofere\u00e7a alternativas, como jogos que incentivam o movimento.<\/p>\n<ol start=\"5\">\n<li><strong> Impactos a Longo Prazo<\/strong><\/li>\n<\/ol>\n<p><strong>5.1. Preven\u00e7\u00e3o de Doen\u00e7as Cr\u00f4nicas<\/strong><\/p>\n<p>Crian\u00e7as ativas t\u00eam menor probabilidade de desenvolver obesidade, diabetes tipo 2 e doen\u00e7as cardiovasculares na vida adulta.<\/p>\n<p><strong>5.2. Maior Expectativa de Vida<\/strong><\/p>\n<p>Estudos mostram que a pr\u00e1tica regular de atividade f\u00edsica est\u00e1 associada a uma vida mais longa e saud\u00e1vel.<\/p>\n<p><strong>5.3. Habilidades de Lideran\u00e7a e Trabalho em Equipe<\/strong><\/p>\n<p>Esportes coletivos ajudam as crian\u00e7as a desenvolver habilidades importantes, como lideran\u00e7a, empatia e comunica\u00e7\u00e3o eficaz.<\/p>\n<ol start=\"6\">\n<li><strong> Conclus\u00e3o<\/strong><\/li>\n<\/ol>\n<p>A atividade f\u00edsica \u00e9 um dos pilares do desenvolvimento infantil, proporcionando benef\u00edcios que v\u00e3o al\u00e9m do f\u00edsico. Ela fortalece o corpo, estimula a mente, promove o equil\u00edbrio emocional e ensina valores sociais que acompanham a crian\u00e7a por toda a vida.<\/p>\n<p>Criar um ambiente que incentive o movimento, respeitando as prefer\u00eancias e o ritmo de cada crian\u00e7a, \u00e9 a chave para cultivar h\u00e1bitos saud\u00e1veis \u200b\u200be duradouros. A pr\u00e1tica de exerc\u00edcios \u00e9, sem d\u00favida, um investimento no bem estar presente e futuro.<\/p>\n<p>N\u00e3o espere para come\u00e7ar: movimente-se com as crian\u00e7as e transforme o momento em uma experi\u00eancia de aprendizado e divers\u00e3o!<\/p>\n<p><strong>Refer\u00eancias Cient\u00edficas<\/strong><\/p>\n<ol>\n<li>Organiza\u00e7\u00e3o Mundial da Sa\u00fade (OMS). <em>\u201cDiretrizes de atividades f\u00edsicas para crian\u00e7as\u201d<\/em> . <a href=\"https:\/\/www.who.int\/\">Dispon\u00edvel<\/a> em <a href=\"https:\/\/www.who.int\/\">: <\/a><a href=\"https:\/\/www.who.int\/\">https:\/\/www.who.int\u200b<\/a><\/li>\n<li>Centros de Controle e Preven\u00e7\u00e3o de Doen\u00e7as (CDC). <em>&#8220;Benef\u00edcios da Atividade F\u00edsica para Crian\u00e7as&#8221;<\/em> . Dispon\u00edvel em: <a href=\"https:\/\/www.cdc.gov\/\">https :\/\/www .cdc .gov<\/a><\/li>\n<li>Academia Americana de Pediatria. <em>\u201cA import\u00e2ncia do exerc\u00edcio para as crian\u00e7as\u201d<\/em> . <a href=\"https:\/\/www.aap.org\/\">Dispon\u00edvel<\/a> em <a href=\"https:\/\/www.aap.org\/\">: <\/a><a href=\"https:\/\/www.aap.org\/\">https:\/\/www.aap.org\u200b<\/a><\/li>\n<li>Harvard TH Chan School of Public Health. &#8220;Como <a href=\"https:\/\/www.hsph.harvard.edu\/\">a atividade f\u00edsica <\/a><a href=\"https:\/\/www.hsph.harvard.edu\/\">ajuda<\/a><em> na sa\u00fade das crian\u00e7as&#8221; <\/em><a href=\"https:\/\/www.hsph.harvard.edu\/\">Dispon\u00edvel<\/a> em <a href=\"https:\/\/www.hsph.harvard.edu\/\">:<\/a><a href=\"https:\/\/www.hsph.harvard.edu\/\">https:\/\/www.hsph.harvard.edu<\/a><\/li>\n<li>Cl\u00ednica Mayo. <a href=\"https:\/\/www.mayoclinic.org\/\">&#8221; <\/a><a href=\"https:\/\/www.mayoclinic.org\/\">Exerc\u00edcio<\/a><em> : Por que \u00e9 importante para as crian\u00e7as&#8221;<\/em> Dispon\u00edvel em <a href=\"https:\/\/www.mayoclinic.org\/\">: <\/a><a href=\"https:\/\/www.mayoclinic.org\/\">https:\/\/www.mayoclinic.org<\/a><\/li>\n<\/ol>\n","protected":false},"excerpt":{"rendered":"&nbsp; \u00a0 Introdu\u00e7\u00e3o A inf\u00e2ncia \u00e9 uma fase de crescimento acelerada e forma\u00e7\u00e3o de h\u00e1bitos que impactam toda&hellip;\n","protected":false},"author":2,"featured_media":0,"comment_status":"open","ping_status":"open","sticky":false,"template":"","format":"standard","meta":{"csco_singular_sidebar":"","csco_page_header_type":"","csco_appearance_masonry":"","csco_page_load_nextpost":"","csco_post_video_location":[],"csco_post_video_location_hash":"","csco_post_video_url":"","csco_post_video_bg_start_time":0,"csco_post_video_bg_end_time":0,"footnotes":""},"categories":[3,12],"tags":[],"class_list":{"0":"post-665","1":"post","2":"type-post","3":"status-publish","4":"format-standard","6":"category-fitness-e-exercicios","7":"category-saude-infantil","8":"cs-entry","9":"cs-video-wrap"},"yoast_head":"<!-- This site is optimized with the Yoast SEO plugin v27.4 - https:\/\/yoast.com\/product\/yoast-seo-wordpress\/ -->\n<title>O Papel da Atividade F\u00edsica no Desenvolvimento Infantil&quot;Movimento e Crescimento: Como a Atividade F\u00edsica Contribui para o Bem-Estar e o Desenvolvimento das Crian\u00e7as&quot; - Natural Flora<\/title>\n<meta name=\"robots\" content=\"index, follow, max-snippet:-1, max-image-preview:large, max-video-preview:-1\" \/>\n<link rel=\"canonical\" href=\"https:\/\/blog.naturalflora.com.br\/?p=665\" \/>\n<meta property=\"og:locale\" content=\"en_US\" \/>\n<meta property=\"og:type\" content=\"article\" \/>\n<meta property=\"og:title\" content=\"O Papel da Atividade F\u00edsica no Desenvolvimento Infantil&quot;Movimento e Crescimento: Como a Atividade F\u00edsica Contribui para o Bem-Estar e o Desenvolvimento das Crian\u00e7as&quot; - Natural Flora\" \/>\n<meta property=\"og:description\" content=\"&nbsp; \u00a0 Introdu\u00e7\u00e3o A inf\u00e2ncia \u00e9 uma fase de crescimento acelerada e forma\u00e7\u00e3o de h\u00e1bitos que impactam toda&hellip;\" \/>\n<meta property=\"og:url\" content=\"https:\/\/blog.naturalflora.com.br\/?p=665\" \/>\n<meta property=\"og:site_name\" content=\"Natural Flora\" \/>\n<meta property=\"article:published_time\" content=\"2024-11-22T17:32:24+00:00\" \/>\n<meta property=\"article:modified_time\" content=\"2024-11-22T17:37:36+00:00\" \/>\n<meta name=\"author\" content=\"Reda\u00e7\u00e3o Natural Flora\" \/>\n<meta name=\"twitter:card\" content=\"summary_large_image\" \/>\n<meta name=\"twitter:label1\" content=\"Written by\" \/>\n\t<meta name=\"twitter:data1\" content=\"Reda\u00e7\u00e3o Natural Flora\" \/>\n\t<meta name=\"twitter:label2\" content=\"Est. reading time\" \/>\n\t<meta name=\"twitter:data2\" content=\"5 minutes\" \/>\n<script type=\"application\/ld+json\" class=\"yoast-schema-graph\">{\"@context\":\"https:\\\/\\\/schema.org\",\"@graph\":[{\"@type\":\"Article\",\"@id\":\"https:\\\/\\\/blog.naturalflora.com.br\\\/?p=665#article\",\"isPartOf\":{\"@id\":\"https:\\\/\\\/blog.naturalflora.com.br\\\/?p=665\"},\"author\":{\"name\":\"Reda\u00e7\u00e3o Natural Flora\",\"@id\":\"https:\\\/\\\/blog.naturalflora.com.br\\\/#\\\/schema\\\/person\\\/99e756373ea537fcbd0d5c5c5fd7ed7b\"},\"headline\":\"O Papel da Atividade F\u00edsica no Desenvolvimento Infantil&#8221;Movimento e Crescimento: Como a Atividade F\u00edsica Contribui para o Bem-Estar e o Desenvolvimento das Crian\u00e7as&#8221;\",\"datePublished\":\"2024-11-22T17:32:24+00:00\",\"dateModified\":\"2024-11-22T17:37:36+00:00\",\"mainEntityOfPage\":{\"@id\":\"https:\\\/\\\/blog.naturalflora.com.br\\\/?p=665\"},\"wordCount\":1037,\"commentCount\":0,\"articleSection\":[\"Fitness e Exerc\u00edcios\",\"Sa\u00fade Infantil\"],\"inLanguage\":\"en-US\",\"potentialAction\":[{\"@type\":\"CommentAction\",\"name\":\"Comment\",\"target\":[\"https:\\\/\\\/blog.naturalflora.com.br\\\/?p=665#respond\"]}]},{\"@type\":\"WebPage\",\"@id\":\"https:\\\/\\\/blog.naturalflora.com.br\\\/?p=665\",\"url\":\"https:\\\/\\\/blog.naturalflora.com.br\\\/?p=665\",\"name\":\"O Papel da Atividade F\u00edsica no Desenvolvimento Infantil\\\"Movimento e Crescimento: Como a Atividade F\u00edsica Contribui para o Bem-Estar e o Desenvolvimento das Crian\u00e7as\\\" - Natural Flora\",\"isPartOf\":{\"@id\":\"https:\\\/\\\/blog.naturalflora.com.br\\\/#website\"},\"datePublished\":\"2024-11-22T17:32:24+00:00\",\"dateModified\":\"2024-11-22T17:37:36+00:00\",\"author\":{\"@id\":\"https:\\\/\\\/blog.naturalflora.com.br\\\/#\\\/schema\\\/person\\\/99e756373ea537fcbd0d5c5c5fd7ed7b\"},\"breadcrumb\":{\"@id\":\"https:\\\/\\\/blog.naturalflora.com.br\\\/?p=665#breadcrumb\"},\"inLanguage\":\"en-US\",\"potentialAction\":[{\"@type\":\"ReadAction\",\"target\":[\"https:\\\/\\\/blog.naturalflora.com.br\\\/?p=665\"]}]},{\"@type\":\"BreadcrumbList\",\"@id\":\"https:\\\/\\\/blog.naturalflora.com.br\\\/?p=665#breadcrumb\",\"itemListElement\":[{\"@type\":\"ListItem\",\"position\":1,\"name\":\"In\u00edcio\",\"item\":\"https:\\\/\\\/blog.naturalflora.com.br\\\/\"},{\"@type\":\"ListItem\",\"position\":2,\"name\":\"O Papel da Atividade F\u00edsica no Desenvolvimento Infantil&#8221;Movimento e Crescimento: Como a Atividade F\u00edsica Contribui para o Bem-Estar e o Desenvolvimento das Crian\u00e7as&#8221;\"}]},{\"@type\":\"WebSite\",\"@id\":\"https:\\\/\\\/blog.naturalflora.com.br\\\/#website\",\"url\":\"https:\\\/\\\/blog.naturalflora.com.br\\\/\",\"name\":\"Natural Flora\",\"description\":\"\",\"potentialAction\":[{\"@type\":\"SearchAction\",\"target\":{\"@type\":\"EntryPoint\",\"urlTemplate\":\"https:\\\/\\\/blog.naturalflora.com.br\\\/?s={search_term_string}\"},\"query-input\":{\"@type\":\"PropertyValueSpecification\",\"valueRequired\":true,\"valueName\":\"search_term_string\"}}],\"inLanguage\":\"en-US\"},{\"@type\":\"Person\",\"@id\":\"https:\\\/\\\/blog.naturalflora.com.br\\\/#\\\/schema\\\/person\\\/99e756373ea537fcbd0d5c5c5fd7ed7b\",\"name\":\"Reda\u00e7\u00e3o Natural Flora\",\"image\":{\"@type\":\"ImageObject\",\"inLanguage\":\"en-US\",\"@id\":\"https:\\\/\\\/secure.gravatar.com\\\/avatar\\\/560ac9b18b85ef6f917a34bc047531491daea2430216ef2803a9433cd01b8bc4?s=96&d=mm&r=g\",\"url\":\"https:\\\/\\\/secure.gravatar.com\\\/avatar\\\/560ac9b18b85ef6f917a34bc047531491daea2430216ef2803a9433cd01b8bc4?s=96&d=mm&r=g\",\"contentUrl\":\"https:\\\/\\\/secure.gravatar.com\\\/avatar\\\/560ac9b18b85ef6f917a34bc047531491daea2430216ef2803a9433cd01b8bc4?s=96&d=mm&r=g\",\"caption\":\"Reda\u00e7\u00e3o Natural Flora\"},\"url\":\"https:\\\/\\\/blog.naturalflora.com.br\\\/?author=2\"}]}<\/script>\n<!-- \/ Yoast SEO plugin. -->","yoast_head_json":{"title":"O Papel da Atividade F\u00edsica no Desenvolvimento Infantil\"Movimento e Crescimento: Como a Atividade F\u00edsica Contribui para o Bem-Estar e o Desenvolvimento das Crian\u00e7as\" - Natural Flora","robots":{"index":"index","follow":"follow","max-snippet":"max-snippet:-1","max-image-preview":"max-image-preview:large","max-video-preview":"max-video-preview:-1"},"canonical":"https:\/\/blog.naturalflora.com.br\/?p=665","og_locale":"en_US","og_type":"article","og_title":"O Papel da Atividade F\u00edsica no Desenvolvimento Infantil\"Movimento e Crescimento: Como a Atividade F\u00edsica Contribui para o Bem-Estar e o Desenvolvimento das Crian\u00e7as\" - Natural Flora","og_description":"&nbsp; \u00a0 Introdu\u00e7\u00e3o A inf\u00e2ncia \u00e9 uma fase de crescimento acelerada e forma\u00e7\u00e3o de h\u00e1bitos que impactam toda&hellip;","og_url":"https:\/\/blog.naturalflora.com.br\/?p=665","og_site_name":"Natural Flora","article_published_time":"2024-11-22T17:32:24+00:00","article_modified_time":"2024-11-22T17:37:36+00:00","author":"Reda\u00e7\u00e3o Natural Flora","twitter_card":"summary_large_image","twitter_misc":{"Written by":"Reda\u00e7\u00e3o Natural Flora","Est. reading time":"5 minutes"},"schema":{"@context":"https:\/\/schema.org","@graph":[{"@type":"Article","@id":"https:\/\/blog.naturalflora.com.br\/?p=665#article","isPartOf":{"@id":"https:\/\/blog.naturalflora.com.br\/?p=665"},"author":{"name":"Reda\u00e7\u00e3o Natural Flora","@id":"https:\/\/blog.naturalflora.com.br\/#\/schema\/person\/99e756373ea537fcbd0d5c5c5fd7ed7b"},"headline":"O Papel da Atividade F\u00edsica no Desenvolvimento Infantil&#8221;Movimento e Crescimento: Como a Atividade F\u00edsica Contribui para o Bem-Estar e o Desenvolvimento das Crian\u00e7as&#8221;","datePublished":"2024-11-22T17:32:24+00:00","dateModified":"2024-11-22T17:37:36+00:00","mainEntityOfPage":{"@id":"https:\/\/blog.naturalflora.com.br\/?p=665"},"wordCount":1037,"commentCount":0,"articleSection":["Fitness e Exerc\u00edcios","Sa\u00fade Infantil"],"inLanguage":"en-US","potentialAction":[{"@type":"CommentAction","name":"Comment","target":["https:\/\/blog.naturalflora.com.br\/?p=665#respond"]}]},{"@type":"WebPage","@id":"https:\/\/blog.naturalflora.com.br\/?p=665","url":"https:\/\/blog.naturalflora.com.br\/?p=665","name":"O Papel da Atividade F\u00edsica no Desenvolvimento Infantil\"Movimento e Crescimento: Como a Atividade F\u00edsica Contribui para o Bem-Estar e o Desenvolvimento das Crian\u00e7as\" - Natural Flora","isPartOf":{"@id":"https:\/\/blog.naturalflora.com.br\/#website"},"datePublished":"2024-11-22T17:32:24+00:00","dateModified":"2024-11-22T17:37:36+00:00","author":{"@id":"https:\/\/blog.naturalflora.com.br\/#\/schema\/person\/99e756373ea537fcbd0d5c5c5fd7ed7b"},"breadcrumb":{"@id":"https:\/\/blog.naturalflora.com.br\/?p=665#breadcrumb"},"inLanguage":"en-US","potentialAction":[{"@type":"ReadAction","target":["https:\/\/blog.naturalflora.com.br\/?p=665"]}]},{"@type":"BreadcrumbList","@id":"https:\/\/blog.naturalflora.com.br\/?p=665#breadcrumb","itemListElement":[{"@type":"ListItem","position":1,"name":"In\u00edcio","item":"https:\/\/blog.naturalflora.com.br\/"},{"@type":"ListItem","position":2,"name":"O Papel da Atividade F\u00edsica no Desenvolvimento Infantil&#8221;Movimento e Crescimento: Como a Atividade F\u00edsica Contribui para o Bem-Estar e o Desenvolvimento das Crian\u00e7as&#8221;"}]},{"@type":"WebSite","@id":"https:\/\/blog.naturalflora.com.br\/#website","url":"https:\/\/blog.naturalflora.com.br\/","name":"Natural Flora","description":"","potentialAction":[{"@type":"SearchAction","target":{"@type":"EntryPoint","urlTemplate":"https:\/\/blog.naturalflora.com.br\/?s={search_term_string}"},"query-input":{"@type":"PropertyValueSpecification","valueRequired":true,"valueName":"search_term_string"}}],"inLanguage":"en-US"},{"@type":"Person","@id":"https:\/\/blog.naturalflora.com.br\/#\/schema\/person\/99e756373ea537fcbd0d5c5c5fd7ed7b","name":"Reda\u00e7\u00e3o Natural Flora","image":{"@type":"ImageObject","inLanguage":"en-US","@id":"https:\/\/secure.gravatar.com\/avatar\/560ac9b18b85ef6f917a34bc047531491daea2430216ef2803a9433cd01b8bc4?s=96&d=mm&r=g","url":"https:\/\/secure.gravatar.com\/avatar\/560ac9b18b85ef6f917a34bc047531491daea2430216ef2803a9433cd01b8bc4?s=96&d=mm&r=g","contentUrl":"https:\/\/secure.gravatar.com\/avatar\/560ac9b18b85ef6f917a34bc047531491daea2430216ef2803a9433cd01b8bc4?s=96&d=mm&r=g","caption":"Reda\u00e7\u00e3o Natural Flora"},"url":"https:\/\/blog.naturalflora.com.br\/?author=2"}]}},"_links":{"self":[{"href":"https:\/\/blog.naturalflora.com.br\/index.php?rest_route=\/wp\/v2\/posts\/665","targetHints":{"allow":["GET"]}}],"collection":[{"href":"https:\/\/blog.naturalflora.com.br\/index.php?rest_route=\/wp\/v2\/posts"}],"about":[{"href":"https:\/\/blog.naturalflora.com.br\/index.php?rest_route=\/wp\/v2\/types\/post"}],"author":[{"embeddable":true,"href":"https:\/\/blog.naturalflora.com.br\/index.php?rest_route=\/wp\/v2\/users\/2"}],"replies":[{"embeddable":true,"href":"https:\/\/blog.naturalflora.com.br\/index.php?rest_route=%2Fwp%2Fv2%2Fcomments&post=665"}],"version-history":[{"count":3,"href":"https:\/\/blog.naturalflora.com.br\/index.php?rest_route=\/wp\/v2\/posts\/665\/revisions"}],"predecessor-version":[{"id":673,"href":"https:\/\/blog.naturalflora.com.br\/index.php?rest_route=\/wp\/v2\/posts\/665\/revisions\/673"}],"wp:attachment":[{"href":"https:\/\/blog.naturalflora.com.br\/index.php?rest_route=%2Fwp%2Fv2%2Fmedia&parent=665"}],"wp:term":[{"taxonomy":"category","embeddable":true,"href":"https:\/\/blog.naturalflora.com.br\/index.php?rest_route=%2Fwp%2Fv2%2Fcategories&post=665"},{"taxonomy":"post_tag","embeddable":true,"href":"https:\/\/blog.naturalflora.com.br\/index.php?rest_route=%2Fwp%2Fv2%2Ftags&post=665"}],"curies":[{"name":"wp","href":"https:\/\/api.w.org\/{rel}","templated":true}]}}