{"id":678,"date":"2024-11-22T15:06:58","date_gmt":"2024-11-22T18:06:58","guid":{"rendered":"https:\/\/blog.naturalflora.com.br\/?p=678"},"modified":"2024-11-22T15:06:58","modified_gmt":"2024-11-22T18:06:58","slug":"a-importancia-do-acompanhamento-pediatrico-regular-garantindo-o-crescimento-saudavel-e-a-prevencao-de-doencas-na-infancia","status":"publish","type":"post","link":"https:\/\/blog.naturalflora.com.br\/?p=678","title":{"rendered":"A Import\u00e2ncia do Acompanhamento Pedi\u00e1trico Regular.  &#8220;Garantindo o Crescimento Saud\u00e1vel e a Preven\u00e7\u00e3o de Doen\u00e7as na Inf\u00e2ncia&#8221;"},"content":{"rendered":"<p>&nbsp;<\/p>\n<p><strong>Introdu\u00e7\u00e3o<\/strong><\/p>\n<p>A inf\u00e2ncia \u00e9 uma fase crucial para o desenvolvimento f\u00edsico, mental e emocional. Durante esse per\u00edodo, a sa\u00fade da crian\u00e7a precisa ser monitorada regularmente para garantir que ela cres\u00e7a de forma saud\u00e1vel e alcance seu pleno potencial. O acompanhamento pedi\u00e1trico regular \u00e9 uma pr\u00e1tica essencial que vai al\u00e9m de tratar doen\u00e7as \u2014 ele \u00e9 um pilar para a preven\u00e7\u00e3o e a detec\u00e7\u00e3o precoce de problemas de sa\u00fade.<\/p>\n<p>Neste artigo, exploraremos por que o acompanhamento pedi\u00e1trico \u00e9 t\u00e3o importante, os principais benef\u00edcios desse cuidado cont\u00ednuo e como ele pode impactar positivamente o futuro das crian\u00e7as.<\/p>\n<ol>\n<li><strong> O Que \u00e9 o Acompanhamento Pedi\u00e1trico Regular?<\/strong><\/li>\n<\/ol>\n<p>O acompanhamento pedi\u00e1trico regular consiste em consultas peri\u00f3dicas com o pediatra para monitorar o crescimento e o desenvolvimento da crian\u00e7a, al\u00e9m de orientar os pais sobre cuidados gerais de sa\u00fade.<\/p>\n<p><strong>1.1. Frequ\u00eancia Recomendada das Consultas<\/strong><\/p>\n<ul>\n<li><strong>Primeiro ano de vida:<\/strong> Mensalmente ou conforme orienta\u00e7\u00e3o m\u00e9dica.<\/li>\n<li><strong>Entre 1 e 3 anos:<\/strong> Consultas trimestrais ou semestrais.<\/li>\n<li><strong>A partir dos 4 anos:<\/strong> Pelo menos uma vez ao ano, salvo necessidade espec\u00edfica.<\/li>\n<\/ul>\n<ol start=\"2\">\n<li><strong> Benef\u00edcios do Acompanhamento Pedi\u00e1trico Regular<\/strong><\/li>\n<\/ol>\n<p><strong>2.1. Preven\u00e7\u00e3o de Doen\u00e7as<\/strong><\/p>\n<p>As consultas permitem que o pediatra acompanhe a sa\u00fade da crian\u00e7a, identifique fatores de risco e administre vacinas de forma adequada, protegendo-a de doen\u00e7as graves.<\/p>\n<p><strong>2.2. Monitoramento do Crescimento e Desenvolvimento<\/strong><\/p>\n<ul>\n<li>Avalia\u00e7\u00e3o de peso, altura e \u00edndice de massa corporal (IMC).<\/li>\n<li>Identifica\u00e7\u00e3o precoce de atrasos no desenvolvimento motor, cognitivo ou emocional.<\/li>\n<\/ul>\n<p><strong>2.3. Orienta\u00e7\u00e3o Nutricional<\/strong><\/p>\n<p>O pediatra ajuda os pais a compreender as necessidades alimentares da crian\u00e7a em cada fase, promovendo uma dieta balanceada para prevenir problemas como obesidade infantil ou car\u00eancias nutricionais.<\/p>\n<p><strong>2.4. Detec\u00e7\u00e3o Precoce de Problemas de Sa\u00fade<\/strong><\/p>\n<ul>\n<li>Problemas como anemia, alergias, doen\u00e7as respirat\u00f3rias e condi\u00e7\u00f5es gen\u00e9ticas podem ser detectados e tratados precocemente.<\/li>\n<li>Exames f\u00edsicos regulares avaliam a vis\u00e3o, audi\u00e7\u00e3o e sa\u00fade bucal da crian\u00e7a.<\/li>\n<\/ul>\n<p><strong>2.5. Educa\u00e7\u00e3o para os Pais<\/strong><\/p>\n<p>Os pediatras orientam os pais sobre temas como:<\/p>\n<ul>\n<li>Cuidados com o sono e rotina di\u00e1ria.<\/li>\n<li>Import\u00e2ncia da vacina\u00e7\u00e3o.<\/li>\n<li>Como lidar com doen\u00e7as comuns na inf\u00e2ncia, como resfriados ou febres.<\/li>\n<\/ul>\n<ol start=\"3\">\n<li><strong> Principais \u00c1reas Avaliadas nas Consultas Pedi\u00e1tricas<\/strong><\/li>\n<\/ol>\n<p><strong>3.1. Crescimento F\u00edsico<\/strong><\/p>\n<p>O pediatra verifica o ganho de peso, altura e outros par\u00e2metros, comparando-os com tabelas de refer\u00eancia para garantir que a crian\u00e7a esteja dentro dos padr\u00f5es esperados.<\/p>\n<p><strong>3.2. Desenvolvimento Cognitivo e Social<\/strong><\/p>\n<ul>\n<li>Avalia\u00e7\u00e3o de habilidades de comunica\u00e7\u00e3o, intera\u00e7\u00e3o social e resolu\u00e7\u00e3o de problemas.<\/li>\n<li>Identifica\u00e7\u00e3o de sinais de transtornos como TDAH ou autismo.<\/li>\n<\/ul>\n<p><strong>3.3. Sa\u00fade Mental<\/strong><\/p>\n<ul>\n<li>Observa\u00e7\u00e3o de sintomas de ansiedade ou depress\u00e3o.<\/li>\n<li>Orienta\u00e7\u00e3o sobre como promover o bem-estar emocional da crian\u00e7a.<\/li>\n<\/ul>\n<p><strong>3.4. Imuniza\u00e7\u00e3o<\/strong><\/p>\n<p>A atualiza\u00e7\u00e3o do calend\u00e1rio vacinal \u00e9 uma prioridade nas consultas pedi\u00e1tricas, protegendo a crian\u00e7a contra doen\u00e7as como sarampo, caxumba, rub\u00e9ola e meningite.<\/p>\n<ol start=\"4\">\n<li><strong> O Papel dos Pais no Acompanhamento Pedi\u00e1trico<\/strong><\/li>\n<\/ol>\n<p><strong>4.1. Participa\u00e7\u00e3o Ativa nas Consultas<\/strong><\/p>\n<ul>\n<li>Fa\u00e7a perguntas e tire d\u00favidas sobre o desenvolvimento da crian\u00e7a.<\/li>\n<li>Informe o pediatra sobre mudan\u00e7as comportamentais ou sinais de desconforto.<\/li>\n<\/ul>\n<p><strong>4.2. Cria\u00e7\u00e3o de um Ambiente Seguro<\/strong><\/p>\n<ul>\n<li>Siga as orienta\u00e7\u00f5es do pediatra para prevenir acidentes dom\u00e9sticos.<\/li>\n<li>Incentivo a h\u00e1bitos saud\u00e1veis, como alimenta\u00e7\u00e3o equilibrada e pr\u00e1tica de atividades f\u00edsicas.<\/li>\n<\/ul>\n<p><strong>4.3. Observa\u00e7\u00e3o Atenta<\/strong><\/p>\n<p>Os pais s\u00e3o os primeiros a notar sinais de que algo pode estar errado. Relatar esses sinais ao pediatra \u00e9 fundamental para uma interven\u00e7\u00e3o precoce.<\/p>\n<ol start=\"5\">\n<li><strong> Os Riscos da Falta de Acompanhamento Pedi\u00e1trico<\/strong><\/li>\n<\/ol>\n<p>Negligenciar consultas regulares pode levar a:<\/p>\n<ul>\n<li><strong>Atrasos no diagn\u00f3stico:<\/strong> Problemas de sa\u00fade podem passar despercebidos at\u00e9 se tornarem mais graves.<\/li>\n<li><strong>Impactos no desenvolvimento:<\/strong> Sem acompanhamento, atrasos cognitivos e motores podem n\u00e3o ser tratados a tempo.<\/li>\n<li><strong>Riscos de doen\u00e7as evit\u00e1veis:<\/strong> Falhas no calend\u00e1rio vacinal aumentam a vulnerabilidade a doen\u00e7as graves.<\/li>\n<\/ul>\n<ol start=\"6\">\n<li><strong> Quando Procurar o Pediatra Fora da Rotina Regular?<\/strong><\/li>\n<\/ol>\n<p>Al\u00e9m das consultas peri\u00f3dicas, \u00e9 importante levar a crian\u00e7a ao pediatra em casos como:<\/p>\n<ul>\n<li>Febre persistente.<\/li>\n<li>Mudan\u00e7as significativas no comportamento ou apetite.<\/li>\n<li>Dores frequentes de cabe\u00e7a, est\u00f4mago ou outros desconfortos inexplic\u00e1veis.<\/li>\n<\/ul>\n<ol start=\"7\">\n<li><strong> Conclus\u00e3o<\/strong><\/li>\n<\/ol>\n<p>O acompanhamento pedi\u00e1trico regular \u00e9 uma pr\u00e1tica indispens\u00e1vel para garantir a sa\u00fade e o bem-estar das crian\u00e7as. Ele vai al\u00e9m de tratar doen\u00e7as, sendo um instrumento poderoso para a preven\u00e7\u00e3o e o desenvolvimento saud\u00e1vel.<\/p>\n<p>Ao priorizar essas consultas, os pais investem na qualidade de vida de seus filhos, ajudando-os a crescer fortes, saud\u00e1veis \u200b\u200be preparados para os desafios do futuro. N\u00e3o deixe de marcar consultas peri\u00f3dicas e aproveite cada momento para tirar d\u00favidas e receber orienta\u00e7\u00f5es valiosas para a cria\u00e7\u00e3o dos pequenos.<\/p>\n<p><strong>Refer\u00eancias Cient\u00edficas<\/strong><\/p>\n<ol>\n<li>Sociedade Brasileira de Pediatria (SBP). <em>&#8220;A Import\u00e2ncia do Pediatra na Sa\u00fade da Crian\u00e7a.&#8221; <\/em><a href=\"https:\/\/www.sbp.com.br\/\">Dispon\u00edvel<\/a> em <a href=\"https:\/\/www.sbp.com.br\/\">: <\/a><a href=\"https:\/\/www.sbp.com.br\/\">https:\/\/www.sbp.com.br\u200b\u200b<\/a><\/li>\n<li>Academia Americana de Pediatria (AAP). <a href=\"https:\/\/www.aap.org\/\">&#8221; <\/a><a href=\"https:\/\/www.aap.org\/\">Visitas<\/a><em> de Bem-estar Infantil: Por que s\u00e3o importantes.&#8221;<\/em> Dispon\u00edvel em <a href=\"https:\/\/www.aap.org\/\">: <\/a><a href=\"https:\/\/www.aap.org\/\">https:\/\/www.aap.org<\/a><\/li>\n<li>Centros de Controle e Preven\u00e7\u00e3o de Doen\u00e7as (CDC). <a href=\"https:\/\/www.cdc.gov\/\">&#8220;<\/a><em> Child Development Basics.&#8221; <\/em><a href=\"https:\/\/www.cdc.gov\/\">Dispon\u00edvel<\/a> em <a href=\"https:\/\/www.cdc.gov\/\">: <\/a><a href=\"https:\/\/www.cdc.gov\/\">https:\/\/www.cdc.gov<\/a><\/li>\n<li>Organiza\u00e7\u00e3o Mundial da Sa\u00fade (OMS). <em>\u201cSa\u00fade Materna, do Rec\u00e9m-Nascido, da Crian\u00e7a e do Adolescente\u201d. <\/em><a href=\"https:\/\/www.who.int\/\">Dispon\u00edvel<\/a> em <a href=\"https:\/\/www.who.int\/\">: <\/a><a href=\"https:\/\/www.who.int\/\">https:\/\/www.who.int\u200b<\/a><\/li>\n<li>Harvard Medical School. &#8220;Checkups de <a href=\"https:\/\/www.health.harvard.edu\/\">rotina para crian\u00e7as <\/a><a href=\"https:\/\/www.health.harvard.edu\/\">: <\/a><a href=\"https:\/\/www.health.harvard.edu\/\">o<\/a><em> que esperar.&#8221;<\/em> Dispon\u00edvel em <a href=\"https:\/\/www.health.harvard.edu\/\">: <\/a><a href=\"https:\/\/www.health.harvard.edu\/\">https:\/\/www.health.harvard.edu<\/a><\/li>\n<\/ol>\n<p>&nbsp;<\/p>\n","protected":false},"excerpt":{"rendered":"&nbsp; Introdu\u00e7\u00e3o A inf\u00e2ncia \u00e9 uma fase crucial para o desenvolvimento f\u00edsico, mental e emocional. Durante esse per\u00edodo,&hellip;\n","protected":false},"author":2,"featured_media":0,"comment_status":"open","ping_status":"open","sticky":false,"template":"","format":"standard","meta":{"csco_singular_sidebar":"","csco_page_header_type":"","csco_appearance_masonry":"","csco_page_load_nextpost":"","csco_post_video_location":[],"csco_post_video_location_hash":"","csco_post_video_url":"","csco_post_video_bg_start_time":0,"csco_post_video_bg_end_time":0,"footnotes":""},"categories":[12,6],"tags":[],"class_list":{"0":"post-678","1":"post","2":"type-post","3":"status-publish","4":"format-standard","6":"category-saude-infantil","7":"category-saude-preventiva","8":"cs-entry","9":"cs-video-wrap"},"yoast_head":"<!-- This site is optimized with the Yoast SEO plugin v27.4 - https:\/\/yoast.com\/product\/yoast-seo-wordpress\/ -->\n<title>A Import\u00e2ncia do Acompanhamento Pedi\u00e1trico Regular. &quot;Garantindo o Crescimento Saud\u00e1vel e a Preven\u00e7\u00e3o de Doen\u00e7as na Inf\u00e2ncia&quot; - Natural Flora<\/title>\n<meta name=\"robots\" content=\"index, follow, max-snippet:-1, max-image-preview:large, max-video-preview:-1\" \/>\n<link rel=\"canonical\" href=\"https:\/\/blog.naturalflora.com.br\/?p=678\" \/>\n<meta property=\"og:locale\" content=\"en_US\" \/>\n<meta property=\"og:type\" content=\"article\" \/>\n<meta property=\"og:title\" content=\"A Import\u00e2ncia do Acompanhamento Pedi\u00e1trico Regular. &quot;Garantindo o Crescimento Saud\u00e1vel e a Preven\u00e7\u00e3o de Doen\u00e7as na Inf\u00e2ncia&quot; - Natural Flora\" \/>\n<meta property=\"og:description\" content=\"&nbsp; Introdu\u00e7\u00e3o A inf\u00e2ncia \u00e9 uma fase crucial para o desenvolvimento f\u00edsico, mental e emocional. Durante esse per\u00edodo,&hellip;\" \/>\n<meta property=\"og:url\" content=\"https:\/\/blog.naturalflora.com.br\/?p=678\" \/>\n<meta property=\"og:site_name\" content=\"Natural Flora\" \/>\n<meta property=\"article:published_time\" content=\"2024-11-22T18:06:58+00:00\" \/>\n<meta name=\"author\" content=\"Reda\u00e7\u00e3o Natural Flora\" \/>\n<meta name=\"twitter:card\" content=\"summary_large_image\" \/>\n<meta name=\"twitter:label1\" content=\"Written by\" \/>\n\t<meta name=\"twitter:data1\" content=\"Reda\u00e7\u00e3o Natural Flora\" \/>\n\t<meta name=\"twitter:label2\" content=\"Est. reading time\" \/>\n\t<meta name=\"twitter:data2\" content=\"5 minutes\" \/>\n<script type=\"application\/ld+json\" class=\"yoast-schema-graph\">{\"@context\":\"https:\\\/\\\/schema.org\",\"@graph\":[{\"@type\":\"Article\",\"@id\":\"https:\\\/\\\/blog.naturalflora.com.br\\\/?p=678#article\",\"isPartOf\":{\"@id\":\"https:\\\/\\\/blog.naturalflora.com.br\\\/?p=678\"},\"author\":{\"name\":\"Reda\u00e7\u00e3o Natural Flora\",\"@id\":\"https:\\\/\\\/blog.naturalflora.com.br\\\/#\\\/schema\\\/person\\\/99e756373ea537fcbd0d5c5c5fd7ed7b\"},\"headline\":\"A Import\u00e2ncia do Acompanhamento Pedi\u00e1trico Regular. &#8220;Garantindo o Crescimento Saud\u00e1vel e a Preven\u00e7\u00e3o de Doen\u00e7as na Inf\u00e2ncia&#8221;\",\"datePublished\":\"2024-11-22T18:06:58+00:00\",\"mainEntityOfPage\":{\"@id\":\"https:\\\/\\\/blog.naturalflora.com.br\\\/?p=678\"},\"wordCount\":940,\"commentCount\":0,\"articleSection\":[\"Sa\u00fade Infantil\",\"Sa\u00fade Preventiva\"],\"inLanguage\":\"en-US\",\"potentialAction\":[{\"@type\":\"CommentAction\",\"name\":\"Comment\",\"target\":[\"https:\\\/\\\/blog.naturalflora.com.br\\\/?p=678#respond\"]}]},{\"@type\":\"WebPage\",\"@id\":\"https:\\\/\\\/blog.naturalflora.com.br\\\/?p=678\",\"url\":\"https:\\\/\\\/blog.naturalflora.com.br\\\/?p=678\",\"name\":\"A Import\u00e2ncia do Acompanhamento Pedi\u00e1trico Regular. \\\"Garantindo o Crescimento Saud\u00e1vel e a Preven\u00e7\u00e3o de Doen\u00e7as na Inf\u00e2ncia\\\" - Natural Flora\",\"isPartOf\":{\"@id\":\"https:\\\/\\\/blog.naturalflora.com.br\\\/#website\"},\"datePublished\":\"2024-11-22T18:06:58+00:00\",\"author\":{\"@id\":\"https:\\\/\\\/blog.naturalflora.com.br\\\/#\\\/schema\\\/person\\\/99e756373ea537fcbd0d5c5c5fd7ed7b\"},\"breadcrumb\":{\"@id\":\"https:\\\/\\\/blog.naturalflora.com.br\\\/?p=678#breadcrumb\"},\"inLanguage\":\"en-US\",\"potentialAction\":[{\"@type\":\"ReadAction\",\"target\":[\"https:\\\/\\\/blog.naturalflora.com.br\\\/?p=678\"]}]},{\"@type\":\"BreadcrumbList\",\"@id\":\"https:\\\/\\\/blog.naturalflora.com.br\\\/?p=678#breadcrumb\",\"itemListElement\":[{\"@type\":\"ListItem\",\"position\":1,\"name\":\"In\u00edcio\",\"item\":\"https:\\\/\\\/blog.naturalflora.com.br\\\/\"},{\"@type\":\"ListItem\",\"position\":2,\"name\":\"A Import\u00e2ncia do Acompanhamento Pedi\u00e1trico Regular. &#8220;Garantindo o Crescimento Saud\u00e1vel e a Preven\u00e7\u00e3o de Doen\u00e7as na Inf\u00e2ncia&#8221;\"}]},{\"@type\":\"WebSite\",\"@id\":\"https:\\\/\\\/blog.naturalflora.com.br\\\/#website\",\"url\":\"https:\\\/\\\/blog.naturalflora.com.br\\\/\",\"name\":\"Natural Flora\",\"description\":\"\",\"potentialAction\":[{\"@type\":\"SearchAction\",\"target\":{\"@type\":\"EntryPoint\",\"urlTemplate\":\"https:\\\/\\\/blog.naturalflora.com.br\\\/?s={search_term_string}\"},\"query-input\":{\"@type\":\"PropertyValueSpecification\",\"valueRequired\":true,\"valueName\":\"search_term_string\"}}],\"inLanguage\":\"en-US\"},{\"@type\":\"Person\",\"@id\":\"https:\\\/\\\/blog.naturalflora.com.br\\\/#\\\/schema\\\/person\\\/99e756373ea537fcbd0d5c5c5fd7ed7b\",\"name\":\"Reda\u00e7\u00e3o Natural Flora\",\"image\":{\"@type\":\"ImageObject\",\"inLanguage\":\"en-US\",\"@id\":\"https:\\\/\\\/secure.gravatar.com\\\/avatar\\\/560ac9b18b85ef6f917a34bc047531491daea2430216ef2803a9433cd01b8bc4?s=96&d=mm&r=g\",\"url\":\"https:\\\/\\\/secure.gravatar.com\\\/avatar\\\/560ac9b18b85ef6f917a34bc047531491daea2430216ef2803a9433cd01b8bc4?s=96&d=mm&r=g\",\"contentUrl\":\"https:\\\/\\\/secure.gravatar.com\\\/avatar\\\/560ac9b18b85ef6f917a34bc047531491daea2430216ef2803a9433cd01b8bc4?s=96&d=mm&r=g\",\"caption\":\"Reda\u00e7\u00e3o Natural Flora\"},\"url\":\"https:\\\/\\\/blog.naturalflora.com.br\\\/?author=2\"}]}<\/script>\n<!-- \/ Yoast SEO plugin. -->","yoast_head_json":{"title":"A Import\u00e2ncia do Acompanhamento Pedi\u00e1trico Regular. \"Garantindo o Crescimento Saud\u00e1vel e a Preven\u00e7\u00e3o de Doen\u00e7as na Inf\u00e2ncia\" - Natural Flora","robots":{"index":"index","follow":"follow","max-snippet":"max-snippet:-1","max-image-preview":"max-image-preview:large","max-video-preview":"max-video-preview:-1"},"canonical":"https:\/\/blog.naturalflora.com.br\/?p=678","og_locale":"en_US","og_type":"article","og_title":"A Import\u00e2ncia do Acompanhamento Pedi\u00e1trico Regular. \"Garantindo o Crescimento Saud\u00e1vel e a Preven\u00e7\u00e3o de Doen\u00e7as na Inf\u00e2ncia\" - Natural Flora","og_description":"&nbsp; Introdu\u00e7\u00e3o A inf\u00e2ncia \u00e9 uma fase crucial para o desenvolvimento f\u00edsico, mental e emocional. Durante esse per\u00edodo,&hellip;","og_url":"https:\/\/blog.naturalflora.com.br\/?p=678","og_site_name":"Natural Flora","article_published_time":"2024-11-22T18:06:58+00:00","author":"Reda\u00e7\u00e3o Natural Flora","twitter_card":"summary_large_image","twitter_misc":{"Written by":"Reda\u00e7\u00e3o Natural Flora","Est. reading time":"5 minutes"},"schema":{"@context":"https:\/\/schema.org","@graph":[{"@type":"Article","@id":"https:\/\/blog.naturalflora.com.br\/?p=678#article","isPartOf":{"@id":"https:\/\/blog.naturalflora.com.br\/?p=678"},"author":{"name":"Reda\u00e7\u00e3o Natural Flora","@id":"https:\/\/blog.naturalflora.com.br\/#\/schema\/person\/99e756373ea537fcbd0d5c5c5fd7ed7b"},"headline":"A Import\u00e2ncia do Acompanhamento Pedi\u00e1trico Regular. &#8220;Garantindo o Crescimento Saud\u00e1vel e a Preven\u00e7\u00e3o de Doen\u00e7as na Inf\u00e2ncia&#8221;","datePublished":"2024-11-22T18:06:58+00:00","mainEntityOfPage":{"@id":"https:\/\/blog.naturalflora.com.br\/?p=678"},"wordCount":940,"commentCount":0,"articleSection":["Sa\u00fade Infantil","Sa\u00fade Preventiva"],"inLanguage":"en-US","potentialAction":[{"@type":"CommentAction","name":"Comment","target":["https:\/\/blog.naturalflora.com.br\/?p=678#respond"]}]},{"@type":"WebPage","@id":"https:\/\/blog.naturalflora.com.br\/?p=678","url":"https:\/\/blog.naturalflora.com.br\/?p=678","name":"A Import\u00e2ncia do Acompanhamento Pedi\u00e1trico Regular. \"Garantindo o Crescimento Saud\u00e1vel e a Preven\u00e7\u00e3o de Doen\u00e7as na Inf\u00e2ncia\" - Natural Flora","isPartOf":{"@id":"https:\/\/blog.naturalflora.com.br\/#website"},"datePublished":"2024-11-22T18:06:58+00:00","author":{"@id":"https:\/\/blog.naturalflora.com.br\/#\/schema\/person\/99e756373ea537fcbd0d5c5c5fd7ed7b"},"breadcrumb":{"@id":"https:\/\/blog.naturalflora.com.br\/?p=678#breadcrumb"},"inLanguage":"en-US","potentialAction":[{"@type":"ReadAction","target":["https:\/\/blog.naturalflora.com.br\/?p=678"]}]},{"@type":"BreadcrumbList","@id":"https:\/\/blog.naturalflora.com.br\/?p=678#breadcrumb","itemListElement":[{"@type":"ListItem","position":1,"name":"In\u00edcio","item":"https:\/\/blog.naturalflora.com.br\/"},{"@type":"ListItem","position":2,"name":"A Import\u00e2ncia do Acompanhamento Pedi\u00e1trico Regular. &#8220;Garantindo o Crescimento Saud\u00e1vel e a Preven\u00e7\u00e3o de Doen\u00e7as na Inf\u00e2ncia&#8221;"}]},{"@type":"WebSite","@id":"https:\/\/blog.naturalflora.com.br\/#website","url":"https:\/\/blog.naturalflora.com.br\/","name":"Natural Flora","description":"","potentialAction":[{"@type":"SearchAction","target":{"@type":"EntryPoint","urlTemplate":"https:\/\/blog.naturalflora.com.br\/?s={search_term_string}"},"query-input":{"@type":"PropertyValueSpecification","valueRequired":true,"valueName":"search_term_string"}}],"inLanguage":"en-US"},{"@type":"Person","@id":"https:\/\/blog.naturalflora.com.br\/#\/schema\/person\/99e756373ea537fcbd0d5c5c5fd7ed7b","name":"Reda\u00e7\u00e3o Natural Flora","image":{"@type":"ImageObject","inLanguage":"en-US","@id":"https:\/\/secure.gravatar.com\/avatar\/560ac9b18b85ef6f917a34bc047531491daea2430216ef2803a9433cd01b8bc4?s=96&d=mm&r=g","url":"https:\/\/secure.gravatar.com\/avatar\/560ac9b18b85ef6f917a34bc047531491daea2430216ef2803a9433cd01b8bc4?s=96&d=mm&r=g","contentUrl":"https:\/\/secure.gravatar.com\/avatar\/560ac9b18b85ef6f917a34bc047531491daea2430216ef2803a9433cd01b8bc4?s=96&d=mm&r=g","caption":"Reda\u00e7\u00e3o Natural Flora"},"url":"https:\/\/blog.naturalflora.com.br\/?author=2"}]}},"_links":{"self":[{"href":"https:\/\/blog.naturalflora.com.br\/index.php?rest_route=\/wp\/v2\/posts\/678","targetHints":{"allow":["GET"]}}],"collection":[{"href":"https:\/\/blog.naturalflora.com.br\/index.php?rest_route=\/wp\/v2\/posts"}],"about":[{"href":"https:\/\/blog.naturalflora.com.br\/index.php?rest_route=\/wp\/v2\/types\/post"}],"author":[{"embeddable":true,"href":"https:\/\/blog.naturalflora.com.br\/index.php?rest_route=\/wp\/v2\/users\/2"}],"replies":[{"embeddable":true,"href":"https:\/\/blog.naturalflora.com.br\/index.php?rest_route=%2Fwp%2Fv2%2Fcomments&post=678"}],"version-history":[{"count":1,"href":"https:\/\/blog.naturalflora.com.br\/index.php?rest_route=\/wp\/v2\/posts\/678\/revisions"}],"predecessor-version":[{"id":679,"href":"https:\/\/blog.naturalflora.com.br\/index.php?rest_route=\/wp\/v2\/posts\/678\/revisions\/679"}],"wp:attachment":[{"href":"https:\/\/blog.naturalflora.com.br\/index.php?rest_route=%2Fwp%2Fv2%2Fmedia&parent=678"}],"wp:term":[{"taxonomy":"category","embeddable":true,"href":"https:\/\/blog.naturalflora.com.br\/index.php?rest_route=%2Fwp%2Fv2%2Fcategories&post=678"},{"taxonomy":"post_tag","embeddable":true,"href":"https:\/\/blog.naturalflora.com.br\/index.php?rest_route=%2Fwp%2Fv2%2Ftags&post=678"}],"curies":[{"name":"wp","href":"https:\/\/api.w.org\/{rel}","templated":true}]}}