{"id":684,"date":"2024-11-22T15:32:42","date_gmt":"2024-11-22T18:32:42","guid":{"rendered":"https:\/\/blog.naturalflora.com.br\/?p=684"},"modified":"2024-11-22T15:32:42","modified_gmt":"2024-11-22T18:32:42","slug":"o-impacto-da-saude-mental-nas-criancas-entendida-como-o-bem-estar-emocional-molda-o-desenvolvimento-infantil","status":"publish","type":"post","link":"https:\/\/blog.naturalflora.com.br\/?p=684","title":{"rendered":"O Impacto da Sa\u00fade Mental nas Crian\u00e7as.  &#8220;Entendida como o bem-estar emocional molda o desenvolvimento infantil&#8221;"},"content":{"rendered":"<p><strong>Introdu\u00e7\u00e3o<\/strong><\/p>\n<p>A sa\u00fade mental das crian\u00e7as \u00e9 t\u00e3o importante quanto a sa\u00fade f\u00edsica, embora frequentemente receba menos aten\u00e7\u00e3o. A inf\u00e2ncia \u00e9 uma fase crucial para o desenvolvimento emocional e psicol\u00f3gico, e problemas de sa\u00fade mental podem afetar n\u00e3o apenas o comportamento, mas tamb\u00e9m o desempenho escolar, a socializa\u00e7\u00e3o e at\u00e9 a sa\u00fade f\u00edsica.<\/p>\n<p>Com os desafios do mundo moderno, incluindo aumento do uso de tecnologia, press\u00e3o acad\u00eamica e mudan\u00e7as nas din\u00e2micas familiares, \u00e9 fundamental entender e cuidar da sa\u00fade mental das crian\u00e7as. Este artigo explora o impacto da sa\u00fade mental na inf\u00e2ncia e oferece estrat\u00e9gias para promover o bem-estar emocional.<\/p>\n<ol>\n<li><strong> O que \u00e9 Sa\u00fade Mental na Inf\u00e2ncia?<\/strong><\/li>\n<\/ol>\n<p>A sa\u00fade mental refere-se ao estado emocional, psicol\u00f3gico e social de uma pessoa. No contexto infantil, ela inclui:<\/p>\n<ul>\n<li>A capacidade de lidar com emo\u00e7\u00f5es, como alegria, tristeza e frustra\u00e7\u00e3o.<\/li>\n<li>Relacionamentos elevados com familiares e amigos.<\/li>\n<li>A habilidade de enfrentar desafios e mudan\u00e7as.<\/li>\n<\/ul>\n<p><strong>1.1. Fatores que influenciam a sa\u00fade mental infantil<\/strong><\/p>\n<ul>\n<li>Ambiente familiar: Conflitos, aus\u00eancia de apoio ou separa\u00e7\u00e3o dos pais.<\/li>\n<li>Exposi\u00e7\u00e3o ao bullying, tanto na escola quanto online.<\/li>\n<li>Problemas financeiros ou instabilidade n\u00e3o lar.<\/li>\n<li>Eventos traum\u00e1ticos, como perdas ou desastres naturais.<\/li>\n<\/ul>\n<ol start=\"2\">\n<li><strong> Principais Problemas de Sa\u00fade Mental em Crian\u00e7as<\/strong><\/li>\n<\/ol>\n<p><strong>2.1. Ansiedade<\/strong><\/p>\n<p>\u00c9 uma das condi\u00e7\u00f5es mais comuns, caracterizada por medos e preocupa\u00e7\u00f5es intensas que interferem na vida cotidiana da crian\u00e7a.<\/p>\n<p><strong>2.2. Depress\u00e3o Infantil<\/strong><\/p>\n<p>Embora menos frequente em crian\u00e7as do que em adolescentes, a depress\u00e3o pode se manifestar como tristeza persistente, irritabilidade ou perda de interesse pelas atividades.<\/p>\n<p><strong>2.3. Transtorno de D\u00e9ficit de Aten\u00e7\u00e3o e Hiperatividade (TDAH)<\/strong><\/p>\n<p>Caracteriza-se por dificuldade de concentra\u00e7\u00e3o, impulsividade e hiperatividade, afetando o desempenho escolar e as rela\u00e7\u00f5es interpessoais.<\/p>\n<p><strong>2.4. Transtorno do Espectro Autista (TEA)<\/strong><\/p>\n<p>Embora n\u00e3o seja um problema de sa\u00fade mental propriamente dito, o TEA afeta as habilidades sociais e de comunica\u00e7\u00e3o, muitas vezes acompanhado por desafios emocionais.<\/p>\n<ol start=\"3\">\n<li><strong> O Impacto da Sa\u00fade Mental no Desenvolvimento Infantil<\/strong><\/li>\n<\/ol>\n<p><strong>3.1. Desenvolvimento Cognitivo<\/strong><\/p>\n<p>Crian\u00e7as com sa\u00fade mental comprometida podem apresentar dificuldades em se concentrar, prejudicando o aprendizado.<\/p>\n<p><strong>3.2. Relacionamentos Sociais<\/strong><\/p>\n<p>Problemas emocionais podem levar ao isolamento social e dificuldades para formar amizades.<\/p>\n<p><strong>3.3. Sa\u00fade F\u00edsica<\/strong><\/p>\n<p>O estresse e a ansiedade podem desencadear sintomas f\u00edsicos, como dores de cabe\u00e7a, altera\u00e7\u00f5es no apetite e problemas gastrointestinais.<\/p>\n<p><strong>3.4. Autoestima<\/strong><\/p>\n<p>Uma sa\u00fade mental saud\u00e1vel \u00e9 essencial para que a crian\u00e7a construa uma boa autoestima, que influencie suas escolhas e comportamentos ao longo da vida.<\/p>\n<ol start=\"4\">\n<li><strong> Estrat\u00e9gias para Promover a Sa\u00fade Mental das Crian\u00e7as<\/strong><\/li>\n<\/ol>\n<p><strong>4.1. Comunica\u00e7\u00e3o Aberta<\/strong><\/p>\n<ul>\n<li>Crie um ambiente seguro para que a crian\u00e7a se sinta confort\u00e1vel ao expressar seus sentimentos.<\/li>\n<li>Ou\u00e7a ativamente e sem julgamentos.<\/li>\n<\/ul>\n<p><strong>4.2. Estabele\u00e7a Rotinas Saud\u00e1veis<\/strong><\/p>\n<ul>\n<li>Mantenha hor\u00e1rios regulares para sono, alimenta\u00e7\u00e3o e estudo.<\/li>\n<li>Promova atividades recreativas que reduzam o estresse, como brincadeiras ao ar livre.<\/li>\n<\/ul>\n<p><strong>4.3. Envolvimento dos Pais<\/strong><\/p>\n<ul>\n<li>Passe tempo de qualidade com a crian\u00e7a.<\/li>\n<li>Demonstre apoio e encorajamento em momentos dif\u00edceis.<\/li>\n<\/ul>\n<p><strong>4.4. Reduz o Uso de Telas<\/strong><\/p>\n<ul>\n<li>Limite o tempo de uso de dispositivos eletr\u00f4nicos e monitore os conte\u00fados acessados.<\/li>\n<li>Incentivo a atividades offline, como leitura, esportes e artes.<\/li>\n<\/ul>\n<p><strong>4.5. Identifique e aborde o Bullying<\/strong><\/p>\n<ul>\n<li>Fique atento a sinais de bullying, como mudan\u00e7as de comportamento ou avers\u00e3o \u00e0 escola.<\/li>\n<li>Trabalhe com a escola para resolver o problema de forma eficaz.<\/li>\n<\/ul>\n<ol start=\"5\">\n<li><strong> Quando Procurar Ajuda Profissional<\/strong><\/li>\n<\/ol>\n<p>Embora os pais e cuidadores desempenhem um papel essencial no apoio \u00e0 sa\u00fade mental das crian\u00e7as, algumas situa\u00e7\u00f5es cancelam a interven\u00e7\u00e3o de um profissional:<\/p>\n<ul>\n<li>Mudan\u00e7as abruptas no comportamento, como agressividade ou isolamento.<\/li>\n<li>Dificuldades persistentes em dormir ou comer.<\/li>\n<li>Sintomas f\u00edsicos sem explica\u00e7\u00e3o m\u00e9dica.<\/li>\n<li>Decl\u00ednio no desempenho escolar ou nas intera\u00e7\u00f5es sociais.<\/li>\n<\/ul>\n<p>Um psic\u00f3logo infantil ou psiquiatra pode diagnosticar problemas e desenvolver um plano de tratamento, que pode incluir terapia, mudan\u00e7as no estilo de vida ou, em alguns casos, medicamentos.<\/p>\n<ol start=\"6\">\n<li><strong> O Papel das Escolas na Sa\u00fade Mental Infantil<\/strong><\/li>\n<\/ol>\n<p><strong>6.1. Educa\u00e7\u00e3o Emocional<\/strong><\/p>\n<p>As escolas podem implementar programas que ensinem habilidades emocionais, como gerenciamento do estresse e resolu\u00e7\u00e3o de conflitos.<\/p>\n<p><strong>6.2. Ambiente Seguro e Inclusivo<\/strong><\/p>\n<ul>\n<li>Promova a acessibilidade e a diversidade.<\/li>\n<li>Treine professores e funcion\u00e1rios para identificar sinais de problemas emocionais e oferecer suporte.<\/li>\n<\/ul>\n<p><strong>6.3. Apoio Psicol\u00f3gico Escolar<\/strong><\/p>\n<p>A presen\u00e7a de psic\u00f3logos nas escolas pode ajudar a resolver problemas antes que eles se tornem mais graves.<\/p>\n<p><strong>Conclus\u00e3o<\/strong><\/p>\n<p>A sa\u00fade mental das crian\u00e7as \u00e9 um componente essencial para o seu desenvolvimento pleno. Com uma abordagem certa, \u00e9 poss\u00edvel identificar e prevenir problemas, garantindo que as crian\u00e7as cres\u00e7am emocionalmente equilibradas e preparadas para enfrentar os desafios da vida.<\/p>\n<p>Ao promover um ambiente acolhedor, manter uma comunica\u00e7\u00e3o aberta e buscar ajuda quando necess\u00e1rio, pais, escolas e a sociedade como um todo podem contribuir para o bem-estar das crian\u00e7as, construindo uma base s\u00f3lida para seu futuro.<\/p>\n<p><strong>Refer\u00eancias Cient\u00edficas<\/strong><\/p>\n<ol>\n<li>Organiza\u00e7\u00e3o Mundial da Sa\u00fade (OMS). <em>&#8220;Sa\u00fade Mental: Fortalecendo Nossa Resposta.&#8221; <\/em><a href=\"https:\/\/www.who.int\/\">Dispon\u00edvel<\/a> em <a href=\"https:\/\/www.who.int\/\">: <\/a><a href=\"https:\/\/www.who.int\/\">https:\/\/www.who.int\u200b<\/a><\/li>\n<li><a href=\"https:\/\/www.apa.org\/\">Associa\u00e7\u00e3o<\/a> Americana de Psicologia (APA). <em>&#8220;Sa\u00fade Mental Infantil.&#8221; <\/em><a href=\"https:\/\/www.apa.org\/\">Dispon\u00edvel<\/a> em <a href=\"https:\/\/www.apa.org\/\">: <\/a><a href=\"https:\/\/www.apa.org\/\">https:\/\/www.apa.org<\/a><\/li>\n<li>Centros de Controle e Preven\u00e7\u00e3o de Doen\u00e7as (CDC). <a href=\"https:\/\/www.cdc.gov\/\">&#8220;<\/a><em> Sa\u00fade Mental Infantil.&#8221; <\/em><a href=\"https:\/\/www.cdc.gov\/\">Dispon\u00edvel<\/a> em <a href=\"https:\/\/www.cdc.gov\/\">: <\/a><a href=\"https:\/\/www.cdc.gov\/\">https:\/\/www.cdc.gov<\/a><\/li>\n<li>Minist\u00e9rio da Sa\u00fade do Brasil. <em>&#8220;Sa\u00fade Mental e Bem-Estar.&#8221; <\/em>Dispon\u00edvel em : https:\/\/www.gov.br\/saude\u200b\u200b<\/li>\n<li>UNICEF. <em>&#8220;A Situa\u00e7\u00e3o Mundial da Inf\u00e2ncia: Promover e Proteger a Sa\u00fade Mental das Crian\u00e7as. <\/em><a href=\"https:\/\/www.unicef.org\/\">&#8221; <\/a><a href=\"https:\/\/www.unicef.org\/\">Dispon\u00edvel<\/a> em <a href=\"https:\/\/www.unicef.org\/\">: <\/a><a href=\"https:\/\/www.unicef.org\/\">https:\/\/www.unicef.org<\/a><\/li>\n<\/ol>\n<p>&nbsp;<\/p>\n","protected":false},"excerpt":{"rendered":"Introdu\u00e7\u00e3o A sa\u00fade mental das crian\u00e7as \u00e9 t\u00e3o importante quanto a sa\u00fade f\u00edsica, embora frequentemente receba menos aten\u00e7\u00e3o.&hellip;\n","protected":false},"author":2,"featured_media":0,"comment_status":"open","ping_status":"open","sticky":false,"template":"","format":"standard","meta":{"csco_singular_sidebar":"","csco_page_header_type":"","csco_appearance_masonry":"","csco_page_load_nextpost":"","csco_post_video_location":[],"csco_post_video_location_hash":"","csco_post_video_url":"","csco_post_video_bg_start_time":0,"csco_post_video_bg_end_time":0,"footnotes":""},"categories":[12,1],"tags":[],"class_list":{"0":"post-684","1":"post","2":"type-post","3":"status-publish","4":"format-standard","6":"category-saude-infantil","7":"category-saude-mental-e-emocional","8":"cs-entry","9":"cs-video-wrap"},"yoast_head":"<!-- This site is optimized with the Yoast SEO plugin v27.4 - https:\/\/yoast.com\/product\/yoast-seo-wordpress\/ -->\n<title>O Impacto da Sa\u00fade Mental nas Crian\u00e7as. &quot;Entendida como o bem-estar emocional molda o desenvolvimento infantil&quot; - Natural Flora<\/title>\n<meta name=\"robots\" content=\"index, follow, max-snippet:-1, max-image-preview:large, max-video-preview:-1\" \/>\n<link rel=\"canonical\" href=\"https:\/\/blog.naturalflora.com.br\/?p=684\" \/>\n<meta property=\"og:locale\" content=\"en_US\" \/>\n<meta property=\"og:type\" content=\"article\" \/>\n<meta property=\"og:title\" content=\"O Impacto da Sa\u00fade Mental nas Crian\u00e7as. &quot;Entendida como o bem-estar emocional molda o desenvolvimento infantil&quot; - Natural Flora\" \/>\n<meta property=\"og:description\" content=\"Introdu\u00e7\u00e3o A sa\u00fade mental das crian\u00e7as \u00e9 t\u00e3o importante quanto a sa\u00fade f\u00edsica, embora frequentemente receba menos aten\u00e7\u00e3o.&hellip;\" \/>\n<meta property=\"og:url\" content=\"https:\/\/blog.naturalflora.com.br\/?p=684\" \/>\n<meta property=\"og:site_name\" content=\"Natural Flora\" \/>\n<meta property=\"article:published_time\" content=\"2024-11-22T18:32:42+00:00\" \/>\n<meta name=\"author\" content=\"Reda\u00e7\u00e3o Natural Flora\" \/>\n<meta name=\"twitter:card\" content=\"summary_large_image\" \/>\n<meta name=\"twitter:label1\" content=\"Written by\" \/>\n\t<meta name=\"twitter:data1\" content=\"Reda\u00e7\u00e3o Natural Flora\" \/>\n\t<meta name=\"twitter:label2\" content=\"Est. reading time\" \/>\n\t<meta name=\"twitter:data2\" content=\"5 minutes\" \/>\n<script type=\"application\/ld+json\" class=\"yoast-schema-graph\">{\"@context\":\"https:\\\/\\\/schema.org\",\"@graph\":[{\"@type\":\"Article\",\"@id\":\"https:\\\/\\\/blog.naturalflora.com.br\\\/?p=684#article\",\"isPartOf\":{\"@id\":\"https:\\\/\\\/blog.naturalflora.com.br\\\/?p=684\"},\"author\":{\"name\":\"Reda\u00e7\u00e3o Natural Flora\",\"@id\":\"https:\\\/\\\/blog.naturalflora.com.br\\\/#\\\/schema\\\/person\\\/99e756373ea537fcbd0d5c5c5fd7ed7b\"},\"headline\":\"O Impacto da Sa\u00fade Mental nas Crian\u00e7as. &#8220;Entendida como o bem-estar emocional molda o desenvolvimento infantil&#8221;\",\"datePublished\":\"2024-11-22T18:32:42+00:00\",\"mainEntityOfPage\":{\"@id\":\"https:\\\/\\\/blog.naturalflora.com.br\\\/?p=684\"},\"wordCount\":960,\"commentCount\":0,\"articleSection\":[\"Sa\u00fade Infantil\",\"Sa\u00fade Mental e Emocional\"],\"inLanguage\":\"en-US\",\"potentialAction\":[{\"@type\":\"CommentAction\",\"name\":\"Comment\",\"target\":[\"https:\\\/\\\/blog.naturalflora.com.br\\\/?p=684#respond\"]}]},{\"@type\":\"WebPage\",\"@id\":\"https:\\\/\\\/blog.naturalflora.com.br\\\/?p=684\",\"url\":\"https:\\\/\\\/blog.naturalflora.com.br\\\/?p=684\",\"name\":\"O Impacto da Sa\u00fade Mental nas Crian\u00e7as. \\\"Entendida como o bem-estar emocional molda o desenvolvimento infantil\\\" - Natural Flora\",\"isPartOf\":{\"@id\":\"https:\\\/\\\/blog.naturalflora.com.br\\\/#website\"},\"datePublished\":\"2024-11-22T18:32:42+00:00\",\"author\":{\"@id\":\"https:\\\/\\\/blog.naturalflora.com.br\\\/#\\\/schema\\\/person\\\/99e756373ea537fcbd0d5c5c5fd7ed7b\"},\"breadcrumb\":{\"@id\":\"https:\\\/\\\/blog.naturalflora.com.br\\\/?p=684#breadcrumb\"},\"inLanguage\":\"en-US\",\"potentialAction\":[{\"@type\":\"ReadAction\",\"target\":[\"https:\\\/\\\/blog.naturalflora.com.br\\\/?p=684\"]}]},{\"@type\":\"BreadcrumbList\",\"@id\":\"https:\\\/\\\/blog.naturalflora.com.br\\\/?p=684#breadcrumb\",\"itemListElement\":[{\"@type\":\"ListItem\",\"position\":1,\"name\":\"In\u00edcio\",\"item\":\"https:\\\/\\\/blog.naturalflora.com.br\\\/\"},{\"@type\":\"ListItem\",\"position\":2,\"name\":\"O Impacto da Sa\u00fade Mental nas Crian\u00e7as. &#8220;Entendida como o bem-estar emocional molda o desenvolvimento infantil&#8221;\"}]},{\"@type\":\"WebSite\",\"@id\":\"https:\\\/\\\/blog.naturalflora.com.br\\\/#website\",\"url\":\"https:\\\/\\\/blog.naturalflora.com.br\\\/\",\"name\":\"Natural Flora\",\"description\":\"\",\"potentialAction\":[{\"@type\":\"SearchAction\",\"target\":{\"@type\":\"EntryPoint\",\"urlTemplate\":\"https:\\\/\\\/blog.naturalflora.com.br\\\/?s={search_term_string}\"},\"query-input\":{\"@type\":\"PropertyValueSpecification\",\"valueRequired\":true,\"valueName\":\"search_term_string\"}}],\"inLanguage\":\"en-US\"},{\"@type\":\"Person\",\"@id\":\"https:\\\/\\\/blog.naturalflora.com.br\\\/#\\\/schema\\\/person\\\/99e756373ea537fcbd0d5c5c5fd7ed7b\",\"name\":\"Reda\u00e7\u00e3o Natural Flora\",\"image\":{\"@type\":\"ImageObject\",\"inLanguage\":\"en-US\",\"@id\":\"https:\\\/\\\/secure.gravatar.com\\\/avatar\\\/560ac9b18b85ef6f917a34bc047531491daea2430216ef2803a9433cd01b8bc4?s=96&d=mm&r=g\",\"url\":\"https:\\\/\\\/secure.gravatar.com\\\/avatar\\\/560ac9b18b85ef6f917a34bc047531491daea2430216ef2803a9433cd01b8bc4?s=96&d=mm&r=g\",\"contentUrl\":\"https:\\\/\\\/secure.gravatar.com\\\/avatar\\\/560ac9b18b85ef6f917a34bc047531491daea2430216ef2803a9433cd01b8bc4?s=96&d=mm&r=g\",\"caption\":\"Reda\u00e7\u00e3o Natural Flora\"},\"url\":\"https:\\\/\\\/blog.naturalflora.com.br\\\/?author=2\"}]}<\/script>\n<!-- \/ Yoast SEO plugin. -->","yoast_head_json":{"title":"O Impacto da Sa\u00fade Mental nas Crian\u00e7as. \"Entendida como o bem-estar emocional molda o desenvolvimento infantil\" - Natural Flora","robots":{"index":"index","follow":"follow","max-snippet":"max-snippet:-1","max-image-preview":"max-image-preview:large","max-video-preview":"max-video-preview:-1"},"canonical":"https:\/\/blog.naturalflora.com.br\/?p=684","og_locale":"en_US","og_type":"article","og_title":"O Impacto da Sa\u00fade Mental nas Crian\u00e7as. \"Entendida como o bem-estar emocional molda o desenvolvimento infantil\" - Natural Flora","og_description":"Introdu\u00e7\u00e3o A sa\u00fade mental das crian\u00e7as \u00e9 t\u00e3o importante quanto a sa\u00fade f\u00edsica, embora frequentemente receba menos aten\u00e7\u00e3o.&hellip;","og_url":"https:\/\/blog.naturalflora.com.br\/?p=684","og_site_name":"Natural Flora","article_published_time":"2024-11-22T18:32:42+00:00","author":"Reda\u00e7\u00e3o Natural Flora","twitter_card":"summary_large_image","twitter_misc":{"Written by":"Reda\u00e7\u00e3o Natural Flora","Est. reading time":"5 minutes"},"schema":{"@context":"https:\/\/schema.org","@graph":[{"@type":"Article","@id":"https:\/\/blog.naturalflora.com.br\/?p=684#article","isPartOf":{"@id":"https:\/\/blog.naturalflora.com.br\/?p=684"},"author":{"name":"Reda\u00e7\u00e3o Natural Flora","@id":"https:\/\/blog.naturalflora.com.br\/#\/schema\/person\/99e756373ea537fcbd0d5c5c5fd7ed7b"},"headline":"O Impacto da Sa\u00fade Mental nas Crian\u00e7as. &#8220;Entendida como o bem-estar emocional molda o desenvolvimento infantil&#8221;","datePublished":"2024-11-22T18:32:42+00:00","mainEntityOfPage":{"@id":"https:\/\/blog.naturalflora.com.br\/?p=684"},"wordCount":960,"commentCount":0,"articleSection":["Sa\u00fade Infantil","Sa\u00fade Mental e Emocional"],"inLanguage":"en-US","potentialAction":[{"@type":"CommentAction","name":"Comment","target":["https:\/\/blog.naturalflora.com.br\/?p=684#respond"]}]},{"@type":"WebPage","@id":"https:\/\/blog.naturalflora.com.br\/?p=684","url":"https:\/\/blog.naturalflora.com.br\/?p=684","name":"O Impacto da Sa\u00fade Mental nas Crian\u00e7as. \"Entendida como o bem-estar emocional molda o desenvolvimento infantil\" - Natural Flora","isPartOf":{"@id":"https:\/\/blog.naturalflora.com.br\/#website"},"datePublished":"2024-11-22T18:32:42+00:00","author":{"@id":"https:\/\/blog.naturalflora.com.br\/#\/schema\/person\/99e756373ea537fcbd0d5c5c5fd7ed7b"},"breadcrumb":{"@id":"https:\/\/blog.naturalflora.com.br\/?p=684#breadcrumb"},"inLanguage":"en-US","potentialAction":[{"@type":"ReadAction","target":["https:\/\/blog.naturalflora.com.br\/?p=684"]}]},{"@type":"BreadcrumbList","@id":"https:\/\/blog.naturalflora.com.br\/?p=684#breadcrumb","itemListElement":[{"@type":"ListItem","position":1,"name":"In\u00edcio","item":"https:\/\/blog.naturalflora.com.br\/"},{"@type":"ListItem","position":2,"name":"O Impacto da Sa\u00fade Mental nas Crian\u00e7as. &#8220;Entendida como o bem-estar emocional molda o desenvolvimento infantil&#8221;"}]},{"@type":"WebSite","@id":"https:\/\/blog.naturalflora.com.br\/#website","url":"https:\/\/blog.naturalflora.com.br\/","name":"Natural Flora","description":"","potentialAction":[{"@type":"SearchAction","target":{"@type":"EntryPoint","urlTemplate":"https:\/\/blog.naturalflora.com.br\/?s={search_term_string}"},"query-input":{"@type":"PropertyValueSpecification","valueRequired":true,"valueName":"search_term_string"}}],"inLanguage":"en-US"},{"@type":"Person","@id":"https:\/\/blog.naturalflora.com.br\/#\/schema\/person\/99e756373ea537fcbd0d5c5c5fd7ed7b","name":"Reda\u00e7\u00e3o Natural Flora","image":{"@type":"ImageObject","inLanguage":"en-US","@id":"https:\/\/secure.gravatar.com\/avatar\/560ac9b18b85ef6f917a34bc047531491daea2430216ef2803a9433cd01b8bc4?s=96&d=mm&r=g","url":"https:\/\/secure.gravatar.com\/avatar\/560ac9b18b85ef6f917a34bc047531491daea2430216ef2803a9433cd01b8bc4?s=96&d=mm&r=g","contentUrl":"https:\/\/secure.gravatar.com\/avatar\/560ac9b18b85ef6f917a34bc047531491daea2430216ef2803a9433cd01b8bc4?s=96&d=mm&r=g","caption":"Reda\u00e7\u00e3o Natural Flora"},"url":"https:\/\/blog.naturalflora.com.br\/?author=2"}]}},"_links":{"self":[{"href":"https:\/\/blog.naturalflora.com.br\/index.php?rest_route=\/wp\/v2\/posts\/684","targetHints":{"allow":["GET"]}}],"collection":[{"href":"https:\/\/blog.naturalflora.com.br\/index.php?rest_route=\/wp\/v2\/posts"}],"about":[{"href":"https:\/\/blog.naturalflora.com.br\/index.php?rest_route=\/wp\/v2\/types\/post"}],"author":[{"embeddable":true,"href":"https:\/\/blog.naturalflora.com.br\/index.php?rest_route=\/wp\/v2\/users\/2"}],"replies":[{"embeddable":true,"href":"https:\/\/blog.naturalflora.com.br\/index.php?rest_route=%2Fwp%2Fv2%2Fcomments&post=684"}],"version-history":[{"count":1,"href":"https:\/\/blog.naturalflora.com.br\/index.php?rest_route=\/wp\/v2\/posts\/684\/revisions"}],"predecessor-version":[{"id":685,"href":"https:\/\/blog.naturalflora.com.br\/index.php?rest_route=\/wp\/v2\/posts\/684\/revisions\/685"}],"wp:attachment":[{"href":"https:\/\/blog.naturalflora.com.br\/index.php?rest_route=%2Fwp%2Fv2%2Fmedia&parent=684"}],"wp:term":[{"taxonomy":"category","embeddable":true,"href":"https:\/\/blog.naturalflora.com.br\/index.php?rest_route=%2Fwp%2Fv2%2Fcategories&post=684"},{"taxonomy":"post_tag","embeddable":true,"href":"https:\/\/blog.naturalflora.com.br\/index.php?rest_route=%2Fwp%2Fv2%2Ftags&post=684"}],"curies":[{"name":"wp","href":"https:\/\/api.w.org\/{rel}","templated":true}]}}