{"id":691,"date":"2024-11-22T15:55:15","date_gmt":"2024-11-22T18:55:15","guid":{"rendered":"https:\/\/blog.naturalflora.com.br\/?p=691"},"modified":"2024-11-22T15:57:23","modified_gmt":"2024-11-22T18:57:23","slug":"a-importancia-do-autocuidado-na-saude-infantil-ensinar-o-autocuidado-desde-cedo-um-passo-essencial-para-a-saude-e-bem-estar-das-criancas","status":"publish","type":"post","link":"https:\/\/blog.naturalflora.com.br\/?p=691","title":{"rendered":"A Import\u00e2ncia do Autocuidado na Sa\u00fade Infantil:  &#8220;Ensinar o autocuidado desde cedo: um passo essencial para a sa\u00fade e bem-estar das crian\u00e7as!&#8221;"},"content":{"rendered":"<p>&nbsp;<\/p>\n<p><strong>Introdu\u00e7\u00e3o<\/strong><\/p>\n<p>O autocuidado \u00e9 uma habilidade que desempenha um papel fundamental na sa\u00fade e no bem-estar das pessoas, e sua import\u00e2ncia se inicia desde os primeiros anos de vida. Ensinar as crian\u00e7as a cuidar de si mesmas ajuda n\u00e3o apenas a promover h\u00e1bitos saud\u00e1veis, mas tamb\u00e9m a desenvolver uma consci\u00eancia sobre a pr\u00f3pria sa\u00fade f\u00edsica, emocional e mental. O autocuidado infantil n\u00e3o envolve apenas atividades simples como escovar os dentes, mas tamb\u00e9m a constru\u00e7\u00e3o de um estilo de vida saud\u00e1vel, a conscientiza\u00e7\u00e3o emocional e o fortalecimento da autoestima.<\/p>\n<p>Neste artigo, vamos explorar por que o autocuidado \u00e9 essencial para as crian\u00e7as, como ele contribui para o seu desenvolvimento geral e o que os pais e cuidadores podem fazer para promover esses h\u00e1bitos desde a inf\u00e2ncia.<\/p>\n<ol>\n<li><strong> O que \u00e9 autocuidado na inf\u00e2ncia?<\/strong><\/li>\n<\/ol>\n<p>O autocuidado na inf\u00e2ncia se refere ao conjunto de pr\u00e1ticas di\u00e1rias que as crian\u00e7as realizam para manter sua sa\u00fade f\u00edsica, mental e emocional. Essas pr\u00e1ticas n\u00e3o englobam apenas os cuidados b\u00e1sicos de higiene, alimenta\u00e7\u00e3o e descanso, mas tamb\u00e9m o desenvolvimento de habilidades emocionais e sociais.<\/p>\n<p><strong>1.1. Aspectos do Autocuidado Infantil:<\/strong><\/p>\n<ul>\n<li><strong>Higiene pessoal<\/strong> : Ensinar as crian\u00e7as a escovar os dentes, lavar as m\u00e3os e tomar banho regularmente para prevenir doen\u00e7as.<\/li>\n<li><strong>Alimenta\u00e7\u00e3o saud\u00e1vel<\/strong> : Orientar sobre a import\u00e2ncia de uma dieta balanceada com frutas, vegetais e outros alimentos nutritivos.<\/li>\n<li><strong>Atividade f\u00edsica<\/strong> : Incentiva o movimento di\u00e1rio, seja por meio de brincadeiras ou esportes.<\/li>\n<li><strong>Sa\u00fade emocional<\/strong> : Ajudar as crian\u00e7as a refletir em suas emo\u00e7\u00f5es, praticar o autocontrole e buscar apoio quando necess\u00e1rio.<\/li>\n<li><strong>Sono adequado<\/strong> : Garantir que as crian\u00e7as tenham uma rotina regular de sono para promover o descanso necess\u00e1rio ao crescimento e desenvolvimento.<\/li>\n<\/ul>\n<ol start=\"2\">\n<li><strong> A Import\u00e2ncia do Autocuidado na Sa\u00fade Infantil<\/strong><\/li>\n<\/ol>\n<p><strong>2.1. Preven\u00e7\u00e3o de Doen\u00e7as<\/strong><\/p>\n<p>O autocuidado \u00e9 fundamental para prevenir doen\u00e7as f\u00edsicas. Pr\u00e1ticas de higiene, como escovar os dentes regularmente, lavar as m\u00e3os antes das refei\u00e7\u00f5es e manter o corpo limpo, ajudam a evitar infec\u00e7\u00f5es e doen\u00e7as comuns, como resfriados, gripes, c\u00e1ries dent\u00e1rias e problemas intestinais.<\/p>\n<p>Uma alimenta\u00e7\u00e3o equilibrada tamb\u00e9m desempenha um papel crucial na preven\u00e7\u00e3o de doen\u00e7as. Comer alimentos ricos em nutrientes fortalece o sistema imunol\u00f3gico, prevenindo doen\u00e7as infecciosas e cr\u00f4nicas, como diabetes e hipertens\u00e3o.<\/p>\n<p><strong>2.2. Desenvolvimento de Habilidades Emocionais<\/strong><\/p>\n<p>O autocuidado n\u00e3o se resume apenas \u00e0 sa\u00fade f\u00edsica. Ensinar a crian\u00e7a a cuidar de sua sa\u00fade emocional tamb\u00e9m \u00e9 crucial. Crian\u00e7as que aprendem a lidar com suas emo\u00e7\u00f5es desde cedo t\u00eam mais chances de desenvolver resili\u00eancia, empatia e habilidades sociais. A pr\u00e1tica de atividades que envolve relaxamento e controle emocional, como a medita\u00e7\u00e3o e o mindfulness, ajuda a crian\u00e7a a controlar e controlar sentimentos como ansiedade, frustra\u00e7\u00e3o e estresse.<\/p>\n<p><strong>2.3. Promova a Autonomia e a Autoestima<\/strong><\/p>\n<p>Envolver a crian\u00e7a no processo de autocuidado desde cedo ajuda a desenvolver sua autonomia e autoestima. Ao aprender a cuidar de si mesmo, a crian\u00e7a sente um senso de compet\u00eancia e orgulho, o que fortalece sua confian\u00e7a e sua capacidade de lidar com os desafios da vida. Al\u00e9m disso, esse aprendizado contribui para que a crian\u00e7a entenda a import\u00e2ncia de sua sa\u00fade e do bem-estar pessoal.<\/p>\n<ol start=\"3\">\n<li><strong> Como ensinar o autocuidado para as crian\u00e7as?<\/strong><\/li>\n<\/ol>\n<p><strong>3.1. Seja um Exemplo Positivo<\/strong><\/p>\n<p>As crian\u00e7as aprendem principalmente por observa\u00e7\u00e3o. Portanto, o exemplo dos pais e cuidadores \u00e9 fundamental. Se os adultos ao redor da crian\u00e7a praticam h\u00e1bitos de autocuidado, ela tende a imitar essas a\u00e7\u00f5es. Isso inclui praticar uma alimenta\u00e7\u00e3o saud\u00e1vel, manter uma rotina de exerc\u00edcios, cuidar da sa\u00fade mental e seguir uma boa higiene pessoal.<\/p>\n<p><strong>3.2. Torne o Autocuidado uma Rotina Divertida<\/strong><\/p>\n<p>\u00c9 importante tornar o autocuidado algo divertido e interativo para as crian\u00e7as. Por exemplo, escovar os dentes pode ser mais interessante se voc\u00ea criar m\u00fasicas, usar escovas de dentes coloridas ou contar hist\u00f3rias durante o processo. Envolver a crian\u00e7a em atividades como preparar uma refei\u00e7\u00e3o saud\u00e1vel ou escolher roupas pode incentiv\u00e1-la a assumir responsabilidades pelo pr\u00f3prio cuidado.<\/p>\n<p><strong>3.3. Explique o Prop\u00f3sito do Autocuidado<\/strong><\/p>\n<p>Al\u00e9m de ensinar as atividades em si, explique \u00e0 crian\u00e7a por que essas pr\u00e1ticas s\u00e3o importantes. Por exemplo, ao ensinar sobre a higiene bucal, explique como a escova\u00e7\u00e3o ajuda a manter os dentes saud\u00e1veis \u200b\u200be prevenir a c\u00e1rie. Ao promover a atividade f\u00edsica, como o movimento fortalece o corpo e melhora o humor. Ao envolver a crian\u00e7a no processo, ela entender\u00e1 melhor a import\u00e2ncia do autocuidado.<\/p>\n<ol start=\"4\">\n<li><strong> Os Benef\u00edcios do Autocuidado na Inf\u00e2ncia<\/strong><\/li>\n<\/ol>\n<p><strong>4.1. Aumenta a Longevidade<\/strong><\/p>\n<p>As crian\u00e7as t\u00eam que adotar h\u00e1bitos saud\u00e1veis \u200b\u200bdesde cedo, maiores chances de manter esses h\u00e1bitos ao longo da vida, o que pode resultar em uma maior longevidade. A pr\u00e1tica constante de autocuidado ajuda a prevenir doen\u00e7as cr\u00f4nicas e melhorar a qualidade de vida.<\/p>\n<p><strong>4.2. Melhor Desempenho Acad\u00eamico e Social<\/strong><\/p>\n<p>Uma crian\u00e7a que cuida de sua sa\u00fade f\u00edsica e emocional tende a ser mais focada, com melhor capacidade de concentra\u00e7\u00e3o e aprendizado. Al\u00e9m disso, ela ter\u00e1 mais habilidades sociais e ser\u00e1 capaz de interagir de forma mais eficaz com os outros, o que ser\u00e1 \u00fatil para desenvolver amizades e se comportar de maneira positiva em diferentes contextos sociais.<\/p>\n<p><strong>4.3. Reduza o Estresse e Ansiedade<\/strong><\/p>\n<p>Ensinar \u00e0 crian\u00e7a a reflex\u00e3o sobre suas emo\u00e7\u00f5es e lidar com o estresse \u00e9 uma parte fundamental do autocuidado. Crian\u00e7as que aprendem desde cedo a identificar quando est\u00e3o estressadas e a buscar maneiras de relaxar, como ouvir m\u00fasica ou fazer atividades f\u00edsicas, t\u00eam menos risco de desenvolver problemas de sa\u00fade mental no futuro.<\/p>\n<ol start=\"5\">\n<li><strong> Quando Procurar Ajuda Profissional<\/strong><\/li>\n<\/ol>\n<p>Embora o autocuidado seja uma pr\u00e1tica importante, em alguns casos, as crian\u00e7as podem precisar de ajuda profissional para lidar com quest\u00f5es espec\u00edficas de sa\u00fade. Se a crian\u00e7a tiver dificuldades significativas em seguir pr\u00e1ticas de autocuidado, como problemas de higiene, alimenta\u00e7\u00e3o ou quest\u00f5es emocionais, procurar o aux\u00edlio de um pediatra, psic\u00f3logo ou nutricionista pode ser necess\u00e1rio para garantir que ela receba o apoio adequado.<\/p>\n<p><strong>Conclus\u00e3o<\/strong><\/p>\n<p>Ensinar o autocuidado desde a inf\u00e2ncia \u00e9 uma forma de investir na sa\u00fade e no bem-estar da crian\u00e7a. Os h\u00e1bitos saud\u00e1veis \u200b\u200badquiridos desde cedo s\u00e3o fundamentais para a constru\u00e7\u00e3o de um futuro mais saud\u00e1vel e equilibrado. Pais e cuidadores t\u00eam um papel fundamental em modelar e cultivar pr\u00e1ticas de autocuidado, oferecendo um ambiente seguro e acolhedor para que uma crian\u00e7a aprenda a cuidar de si mesma. Ao promover a higiene, alimenta\u00e7\u00e3o saud\u00e1vel, atividade f\u00edsica, descanso e sa\u00fade mental, voc\u00ea est\u00e1 ajudando seu filho a desenvolver um estilo de vida que o beneficiar\u00e1 por toda a vida.<\/p>\n<p><strong>Refer\u00eancias Cient\u00edficas<\/strong><\/p>\n<ol>\n<li><em>Academia Americana de Pediatria. <\/em>&#8221; Promovendo o Desenvolvimento Saud\u00e1vel: H\u00e1bitos Saud\u00e1veis \u200b\u200bpara Crian\u00e7as.&#8221; Dispon\u00edvel em : https:\/\/pediatrics.aappublications.org<\/li>\n<li><em>Centros de Controle e Preven\u00e7\u00e3o de Doen\u00e7as (CDC). <\/em><a href=\"https:\/\/www.cdc.gov\/\">&#8220;<\/a> Crian\u00e7as e Adolescentes Saud\u00e1veis.&#8221; Dispon\u00edvel <a href=\"https:\/\/www.cdc.gov\/\">em <\/a><a href=\"https:\/\/www.cdc.gov\/\">: <\/a><a href=\"https:\/\/www.cdc.gov\/\">https:\/\/www.cdc.gov<\/a><\/li>\n<li><em>Instituto Nacional de Sa\u00fade Infantil e Desenvolvimento Humano (NICHD). <\/em><a href=\"https:\/\/www.nichd.nih.gov\/\">&#8220;<\/a> Promovendo h\u00e1bitos de sono saud\u00e1veis \u200b\u200bem crian\u00e7as.&#8221; <a href=\"https:\/\/www.nichd.nih.gov\/\">Dispon\u00edvel <\/a><a href=\"https:\/\/www.nichd.nih.gov\/\">em <\/a><a href=\"https:\/\/www.nichd.nih.gov\/\">: <\/a><a href=\"https:\/\/www.nichd.nih.gov\/\">https:\/\/www.nichd.nih.gov<\/a><\/li>\n<li><em>UNICEF.<\/em> &#8220;A Import\u00e2ncia do Autocuidado na Primeira Inf\u00e2ncia.&#8221; <a href=\"https:\/\/www.unicef.org\/\">Dispon\u00edvel <\/a><a href=\"https:\/\/www.unicef.org\/\">em <\/a><a href=\"https:\/\/www.unicef.org\/\">: <\/a><a href=\"https:\/\/www.unicef.org\/\">https:\/\/www.unicef.org<\/a><\/li>\n<\/ol>\n<p>&nbsp;<\/p>\n","protected":false},"excerpt":{"rendered":"&nbsp; Introdu\u00e7\u00e3o O autocuidado \u00e9 uma habilidade que desempenha um papel fundamental na sa\u00fade e no bem-estar das&hellip;\n","protected":false},"author":2,"featured_media":0,"comment_status":"open","ping_status":"open","sticky":false,"template":"","format":"standard","meta":{"csco_singular_sidebar":"","csco_page_header_type":"","csco_appearance_masonry":"","csco_page_load_nextpost":"","csco_post_video_location":[],"csco_post_video_location_hash":"","csco_post_video_url":"","csco_post_video_bg_start_time":0,"csco_post_video_bg_end_time":0,"footnotes":""},"categories":[12,6],"tags":[],"class_list":{"0":"post-691","1":"post","2":"type-post","3":"status-publish","4":"format-standard","6":"category-saude-infantil","7":"category-saude-preventiva","8":"cs-entry","9":"cs-video-wrap"},"yoast_head":"<!-- This site is optimized with the Yoast SEO plugin v27.4 - https:\/\/yoast.com\/product\/yoast-seo-wordpress\/ -->\n<title>A Import\u00e2ncia do Autocuidado na Sa\u00fade Infantil: &quot;Ensinar o autocuidado desde cedo: um passo essencial para a sa\u00fade e bem-estar das crian\u00e7as!&quot; - Natural Flora<\/title>\n<meta name=\"robots\" content=\"index, follow, max-snippet:-1, max-image-preview:large, max-video-preview:-1\" \/>\n<link rel=\"canonical\" href=\"https:\/\/blog.naturalflora.com.br\/?p=691\" \/>\n<meta property=\"og:locale\" content=\"en_US\" \/>\n<meta property=\"og:type\" content=\"article\" \/>\n<meta property=\"og:title\" content=\"A Import\u00e2ncia do Autocuidado na Sa\u00fade Infantil: &quot;Ensinar o autocuidado desde cedo: um passo essencial para a sa\u00fade e bem-estar das crian\u00e7as!&quot; - Natural Flora\" \/>\n<meta property=\"og:description\" content=\"&nbsp; Introdu\u00e7\u00e3o O autocuidado \u00e9 uma habilidade que desempenha um papel fundamental na sa\u00fade e no bem-estar das&hellip;\" \/>\n<meta property=\"og:url\" content=\"https:\/\/blog.naturalflora.com.br\/?p=691\" \/>\n<meta property=\"og:site_name\" content=\"Natural Flora\" \/>\n<meta property=\"article:published_time\" content=\"2024-11-22T18:55:15+00:00\" \/>\n<meta property=\"article:modified_time\" content=\"2024-11-22T18:57:23+00:00\" \/>\n<meta name=\"author\" content=\"Reda\u00e7\u00e3o Natural Flora\" \/>\n<meta name=\"twitter:card\" content=\"summary_large_image\" \/>\n<meta name=\"twitter:label1\" content=\"Written by\" \/>\n\t<meta name=\"twitter:data1\" content=\"Reda\u00e7\u00e3o Natural Flora\" \/>\n\t<meta name=\"twitter:label2\" content=\"Est. reading time\" \/>\n\t<meta name=\"twitter:data2\" content=\"6 minutes\" \/>\n<script type=\"application\/ld+json\" class=\"yoast-schema-graph\">{\"@context\":\"https:\\\/\\\/schema.org\",\"@graph\":[{\"@type\":\"Article\",\"@id\":\"https:\\\/\\\/blog.naturalflora.com.br\\\/?p=691#article\",\"isPartOf\":{\"@id\":\"https:\\\/\\\/blog.naturalflora.com.br\\\/?p=691\"},\"author\":{\"name\":\"Reda\u00e7\u00e3o Natural Flora\",\"@id\":\"https:\\\/\\\/blog.naturalflora.com.br\\\/#\\\/schema\\\/person\\\/99e756373ea537fcbd0d5c5c5fd7ed7b\"},\"headline\":\"A Import\u00e2ncia do Autocuidado na Sa\u00fade Infantil: &#8220;Ensinar o autocuidado desde cedo: um passo essencial para a sa\u00fade e bem-estar das crian\u00e7as!&#8221;\",\"datePublished\":\"2024-11-22T18:55:15+00:00\",\"dateModified\":\"2024-11-22T18:57:23+00:00\",\"mainEntityOfPage\":{\"@id\":\"https:\\\/\\\/blog.naturalflora.com.br\\\/?p=691\"},\"wordCount\":1313,\"commentCount\":0,\"articleSection\":[\"Sa\u00fade Infantil\",\"Sa\u00fade Preventiva\"],\"inLanguage\":\"en-US\",\"potentialAction\":[{\"@type\":\"CommentAction\",\"name\":\"Comment\",\"target\":[\"https:\\\/\\\/blog.naturalflora.com.br\\\/?p=691#respond\"]}]},{\"@type\":\"WebPage\",\"@id\":\"https:\\\/\\\/blog.naturalflora.com.br\\\/?p=691\",\"url\":\"https:\\\/\\\/blog.naturalflora.com.br\\\/?p=691\",\"name\":\"A Import\u00e2ncia do Autocuidado na Sa\u00fade Infantil: \\\"Ensinar o autocuidado desde cedo: um passo essencial para a sa\u00fade e bem-estar das crian\u00e7as!\\\" - Natural Flora\",\"isPartOf\":{\"@id\":\"https:\\\/\\\/blog.naturalflora.com.br\\\/#website\"},\"datePublished\":\"2024-11-22T18:55:15+00:00\",\"dateModified\":\"2024-11-22T18:57:23+00:00\",\"author\":{\"@id\":\"https:\\\/\\\/blog.naturalflora.com.br\\\/#\\\/schema\\\/person\\\/99e756373ea537fcbd0d5c5c5fd7ed7b\"},\"breadcrumb\":{\"@id\":\"https:\\\/\\\/blog.naturalflora.com.br\\\/?p=691#breadcrumb\"},\"inLanguage\":\"en-US\",\"potentialAction\":[{\"@type\":\"ReadAction\",\"target\":[\"https:\\\/\\\/blog.naturalflora.com.br\\\/?p=691\"]}]},{\"@type\":\"BreadcrumbList\",\"@id\":\"https:\\\/\\\/blog.naturalflora.com.br\\\/?p=691#breadcrumb\",\"itemListElement\":[{\"@type\":\"ListItem\",\"position\":1,\"name\":\"In\u00edcio\",\"item\":\"https:\\\/\\\/blog.naturalflora.com.br\\\/\"},{\"@type\":\"ListItem\",\"position\":2,\"name\":\"A Import\u00e2ncia do Autocuidado na Sa\u00fade Infantil: &#8220;Ensinar o autocuidado desde cedo: um passo essencial para a sa\u00fade e bem-estar das crian\u00e7as!&#8221;\"}]},{\"@type\":\"WebSite\",\"@id\":\"https:\\\/\\\/blog.naturalflora.com.br\\\/#website\",\"url\":\"https:\\\/\\\/blog.naturalflora.com.br\\\/\",\"name\":\"Natural Flora\",\"description\":\"\",\"potentialAction\":[{\"@type\":\"SearchAction\",\"target\":{\"@type\":\"EntryPoint\",\"urlTemplate\":\"https:\\\/\\\/blog.naturalflora.com.br\\\/?s={search_term_string}\"},\"query-input\":{\"@type\":\"PropertyValueSpecification\",\"valueRequired\":true,\"valueName\":\"search_term_string\"}}],\"inLanguage\":\"en-US\"},{\"@type\":\"Person\",\"@id\":\"https:\\\/\\\/blog.naturalflora.com.br\\\/#\\\/schema\\\/person\\\/99e756373ea537fcbd0d5c5c5fd7ed7b\",\"name\":\"Reda\u00e7\u00e3o Natural Flora\",\"image\":{\"@type\":\"ImageObject\",\"inLanguage\":\"en-US\",\"@id\":\"https:\\\/\\\/secure.gravatar.com\\\/avatar\\\/560ac9b18b85ef6f917a34bc047531491daea2430216ef2803a9433cd01b8bc4?s=96&d=mm&r=g\",\"url\":\"https:\\\/\\\/secure.gravatar.com\\\/avatar\\\/560ac9b18b85ef6f917a34bc047531491daea2430216ef2803a9433cd01b8bc4?s=96&d=mm&r=g\",\"contentUrl\":\"https:\\\/\\\/secure.gravatar.com\\\/avatar\\\/560ac9b18b85ef6f917a34bc047531491daea2430216ef2803a9433cd01b8bc4?s=96&d=mm&r=g\",\"caption\":\"Reda\u00e7\u00e3o Natural Flora\"},\"url\":\"https:\\\/\\\/blog.naturalflora.com.br\\\/?author=2\"}]}<\/script>\n<!-- \/ Yoast SEO plugin. -->","yoast_head_json":{"title":"A Import\u00e2ncia do Autocuidado na Sa\u00fade Infantil: \"Ensinar o autocuidado desde cedo: um passo essencial para a sa\u00fade e bem-estar das crian\u00e7as!\" - Natural Flora","robots":{"index":"index","follow":"follow","max-snippet":"max-snippet:-1","max-image-preview":"max-image-preview:large","max-video-preview":"max-video-preview:-1"},"canonical":"https:\/\/blog.naturalflora.com.br\/?p=691","og_locale":"en_US","og_type":"article","og_title":"A Import\u00e2ncia do Autocuidado na Sa\u00fade Infantil: \"Ensinar o autocuidado desde cedo: um passo essencial para a sa\u00fade e bem-estar das crian\u00e7as!\" - Natural Flora","og_description":"&nbsp; Introdu\u00e7\u00e3o O autocuidado \u00e9 uma habilidade que desempenha um papel fundamental na sa\u00fade e no bem-estar das&hellip;","og_url":"https:\/\/blog.naturalflora.com.br\/?p=691","og_site_name":"Natural Flora","article_published_time":"2024-11-22T18:55:15+00:00","article_modified_time":"2024-11-22T18:57:23+00:00","author":"Reda\u00e7\u00e3o Natural Flora","twitter_card":"summary_large_image","twitter_misc":{"Written by":"Reda\u00e7\u00e3o Natural Flora","Est. reading time":"6 minutes"},"schema":{"@context":"https:\/\/schema.org","@graph":[{"@type":"Article","@id":"https:\/\/blog.naturalflora.com.br\/?p=691#article","isPartOf":{"@id":"https:\/\/blog.naturalflora.com.br\/?p=691"},"author":{"name":"Reda\u00e7\u00e3o Natural Flora","@id":"https:\/\/blog.naturalflora.com.br\/#\/schema\/person\/99e756373ea537fcbd0d5c5c5fd7ed7b"},"headline":"A Import\u00e2ncia do Autocuidado na Sa\u00fade Infantil: &#8220;Ensinar o autocuidado desde cedo: um passo essencial para a sa\u00fade e bem-estar das crian\u00e7as!&#8221;","datePublished":"2024-11-22T18:55:15+00:00","dateModified":"2024-11-22T18:57:23+00:00","mainEntityOfPage":{"@id":"https:\/\/blog.naturalflora.com.br\/?p=691"},"wordCount":1313,"commentCount":0,"articleSection":["Sa\u00fade Infantil","Sa\u00fade Preventiva"],"inLanguage":"en-US","potentialAction":[{"@type":"CommentAction","name":"Comment","target":["https:\/\/blog.naturalflora.com.br\/?p=691#respond"]}]},{"@type":"WebPage","@id":"https:\/\/blog.naturalflora.com.br\/?p=691","url":"https:\/\/blog.naturalflora.com.br\/?p=691","name":"A Import\u00e2ncia do Autocuidado na Sa\u00fade Infantil: \"Ensinar o autocuidado desde cedo: um passo essencial para a sa\u00fade e bem-estar das crian\u00e7as!\" - Natural Flora","isPartOf":{"@id":"https:\/\/blog.naturalflora.com.br\/#website"},"datePublished":"2024-11-22T18:55:15+00:00","dateModified":"2024-11-22T18:57:23+00:00","author":{"@id":"https:\/\/blog.naturalflora.com.br\/#\/schema\/person\/99e756373ea537fcbd0d5c5c5fd7ed7b"},"breadcrumb":{"@id":"https:\/\/blog.naturalflora.com.br\/?p=691#breadcrumb"},"inLanguage":"en-US","potentialAction":[{"@type":"ReadAction","target":["https:\/\/blog.naturalflora.com.br\/?p=691"]}]},{"@type":"BreadcrumbList","@id":"https:\/\/blog.naturalflora.com.br\/?p=691#breadcrumb","itemListElement":[{"@type":"ListItem","position":1,"name":"In\u00edcio","item":"https:\/\/blog.naturalflora.com.br\/"},{"@type":"ListItem","position":2,"name":"A Import\u00e2ncia do Autocuidado na Sa\u00fade Infantil: &#8220;Ensinar o autocuidado desde cedo: um passo essencial para a sa\u00fade e bem-estar das crian\u00e7as!&#8221;"}]},{"@type":"WebSite","@id":"https:\/\/blog.naturalflora.com.br\/#website","url":"https:\/\/blog.naturalflora.com.br\/","name":"Natural Flora","description":"","potentialAction":[{"@type":"SearchAction","target":{"@type":"EntryPoint","urlTemplate":"https:\/\/blog.naturalflora.com.br\/?s={search_term_string}"},"query-input":{"@type":"PropertyValueSpecification","valueRequired":true,"valueName":"search_term_string"}}],"inLanguage":"en-US"},{"@type":"Person","@id":"https:\/\/blog.naturalflora.com.br\/#\/schema\/person\/99e756373ea537fcbd0d5c5c5fd7ed7b","name":"Reda\u00e7\u00e3o Natural Flora","image":{"@type":"ImageObject","inLanguage":"en-US","@id":"https:\/\/secure.gravatar.com\/avatar\/560ac9b18b85ef6f917a34bc047531491daea2430216ef2803a9433cd01b8bc4?s=96&d=mm&r=g","url":"https:\/\/secure.gravatar.com\/avatar\/560ac9b18b85ef6f917a34bc047531491daea2430216ef2803a9433cd01b8bc4?s=96&d=mm&r=g","contentUrl":"https:\/\/secure.gravatar.com\/avatar\/560ac9b18b85ef6f917a34bc047531491daea2430216ef2803a9433cd01b8bc4?s=96&d=mm&r=g","caption":"Reda\u00e7\u00e3o Natural Flora"},"url":"https:\/\/blog.naturalflora.com.br\/?author=2"}]}},"_links":{"self":[{"href":"https:\/\/blog.naturalflora.com.br\/index.php?rest_route=\/wp\/v2\/posts\/691","targetHints":{"allow":["GET"]}}],"collection":[{"href":"https:\/\/blog.naturalflora.com.br\/index.php?rest_route=\/wp\/v2\/posts"}],"about":[{"href":"https:\/\/blog.naturalflora.com.br\/index.php?rest_route=\/wp\/v2\/types\/post"}],"author":[{"embeddable":true,"href":"https:\/\/blog.naturalflora.com.br\/index.php?rest_route=\/wp\/v2\/users\/2"}],"replies":[{"embeddable":true,"href":"https:\/\/blog.naturalflora.com.br\/index.php?rest_route=%2Fwp%2Fv2%2Fcomments&post=691"}],"version-history":[{"count":1,"href":"https:\/\/blog.naturalflora.com.br\/index.php?rest_route=\/wp\/v2\/posts\/691\/revisions"}],"predecessor-version":[{"id":692,"href":"https:\/\/blog.naturalflora.com.br\/index.php?rest_route=\/wp\/v2\/posts\/691\/revisions\/692"}],"wp:attachment":[{"href":"https:\/\/blog.naturalflora.com.br\/index.php?rest_route=%2Fwp%2Fv2%2Fmedia&parent=691"}],"wp:term":[{"taxonomy":"category","embeddable":true,"href":"https:\/\/blog.naturalflora.com.br\/index.php?rest_route=%2Fwp%2Fv2%2Fcategories&post=691"},{"taxonomy":"post_tag","embeddable":true,"href":"https:\/\/blog.naturalflora.com.br\/index.php?rest_route=%2Fwp%2Fv2%2Ftags&post=691"}],"curies":[{"name":"wp","href":"https:\/\/api.w.org\/{rel}","templated":true}]}}