{"id":693,"date":"2024-11-22T16:04:03","date_gmt":"2024-11-22T19:04:03","guid":{"rendered":"https:\/\/blog.naturalflora.com.br\/?p=693"},"modified":"2024-11-22T16:04:43","modified_gmt":"2024-11-22T19:04:43","slug":"dicas-para-promover-a-saude-emocional-das-criancas-fortaleca-a-saude-emocional-do-seu-filho-com-essas-praticas-simples-e-eficazes","status":"publish","type":"post","link":"https:\/\/blog.naturalflora.com.br\/?p=693","title":{"rendered":"Dicas para Promover a Sa\u00fade Emocional das Crian\u00e7as:  &#8220;Fortale\u00e7a a sa\u00fade emocional do seu filho com essas pr\u00e1ticas simples e eficazes!&#8221;"},"content":{"rendered":"<p>&nbsp;<\/p>\n<p><strong>Introdu\u00e7\u00e3o<\/strong><\/p>\n<p>A sa\u00fade emocional das crian\u00e7as \u00e9 essencial para o seu desenvolvimento e bem-estar geral. Desde os primeiros anos de vida, \u00e9 fundamental que as crian\u00e7as aprendam a entender e a gerenciar suas emo\u00e7\u00f5es. Uma sa\u00fade emocional equilibrada permite que as crian\u00e7as se tornem mais resilientes, emp\u00e1ticas e capazes de lidar com os desafios da vida de forma saud\u00e1vel.<\/p>\n<p>Neste artigo, exploraremos dicas valiosas para promover a sa\u00fade emocional das crian\u00e7as, ajudando os pais e cuidadores a criar um ambiente seguro e acolhedor para o desenvolvimento emocional delas.<\/p>\n<ol>\n<li><strong> Estabele\u00e7a uma Comunica\u00e7\u00e3o Aberta e Acolhedora<\/strong><\/li>\n<\/ol>\n<p>A comunica\u00e7\u00e3o \u00e9 a chave para a promo\u00e7\u00e3o da sa\u00fade emocional. Crian\u00e7as que se sentem ouvidas e aprendidas t\u00eam mais facilidade em expressar suas emo\u00e7\u00f5es e, consequentemente, lidar melhor com elas. Desde os primeiros anos, \u00e9 importante promover uma comunica\u00e7\u00e3o aberta e sem julgamentos, onde a crian\u00e7a sinta que pode falar sobre seus sentimentos, preocupa\u00e7\u00f5es e frustra\u00e7\u00f5es.<\/p>\n<p><strong>Dicas Pr\u00e1ticas:<\/strong><\/p>\n<ul>\n<li><strong>Ou\u00e7a ativamente<\/strong> : Quando seu filho compartilha algo, pare o que est\u00e1 fazendo e preste aten\u00e7\u00e3o total.<\/li>\n<li><strong>Use perguntas abertas<\/strong> : Em vez de perguntas fechadas (&#8220;Voc\u00ea est\u00e1 bem?&#8221;), pergunte algo como &#8220;Como voc\u00ea est\u00e1 se sentindo hoje?&#8221;<\/li>\n<li><strong>Validar emo\u00e7\u00f5es<\/strong> : Ao inv\u00e9s de desconsiderar sentimentos (&#8220;N\u00e3o h\u00e1 raz\u00e3o para ficar chateado!&#8221;), valide os sentimentos da crian\u00e7a (&#8220;Entendo que voc\u00ea est\u00e1 chateado, \u00e9 normal sentir assim \u00e0s vezes&#8221;).<\/li>\n<\/ul>\n<ol start=\"2\">\n<li><strong> Ensine a identificar e nomear as emo\u00e7\u00f5es<\/strong><\/li>\n<\/ol>\n<p>Uma das maneiras mais eficazes de promover a sa\u00fade emocional \u00e9 ensinar \u00e0s crian\u00e7as a identificar e nomear suas emo\u00e7\u00f5es. Quando uma crian\u00e7a consegue refletir sobre o que est\u00e1 sentindo, ela tem mais chances de lidar com suas emo\u00e7\u00f5es de maneira parecida.<\/p>\n<p><strong>Dicas Pr\u00e1ticas:<\/strong><\/p>\n<ul>\n<li><strong>Crie um vocabul\u00e1rio emocional<\/strong> : Ensine palavras para diferentes emo\u00e7\u00f5es (feliz, triste, frustrado, ansioso, etc.).<\/li>\n<li><strong>Use cart\u00f5es de emo\u00e7\u00f5es<\/strong> : Uma t\u00e9cnica simples \u00e9 usar cart\u00f5es ou figuras que representem diferentes express\u00f5es faciais para ajudar a crian\u00e7a a identificar o que est\u00e1 sentindo.<\/li>\n<li><strong>Brinque de &#8220;O que voc\u00ea sente?&#8221;<\/strong> : Durante atividades di\u00e1rias ou jogos, voc\u00ea pode perguntar \u00e0 crian\u00e7a como ela se sente em rela\u00e7\u00e3o a uma situa\u00e7\u00e3o ou experi\u00eancia.<\/li>\n<\/ul>\n<ol start=\"3\">\n<li><strong> Ensine T\u00e9cnicas de Relaxamento e Autocontrole<\/strong><\/li>\n<\/ol>\n<p>Ensinar t\u00e9cnicas de relaxamento pode ajudar as crian\u00e7as a lidar com emo\u00e7\u00f5es intensas, como raiva, frustra\u00e7\u00e3o e ansiedade. T\u00e9cnicas simples, como a respira\u00e7\u00e3o profunda, podem ser muito eficazes na redu\u00e7\u00e3o do estresse emocional.<\/p>\n<p><strong>Dicas Pr\u00e1ticas:<\/strong><\/p>\n<ul>\n<li><strong>Respira\u00e7\u00e3o profunda<\/strong> : faz com que a crian\u00e7a respire profundamente quando se sente estressada ou chateada. Um exerc\u00edcio simples \u00e9 inspirar pelo nariz, segurar por alguns segundos e depois expirar lentamente pela boca.<\/li>\n<li><strong>Relaxamento muscular progressivo<\/strong> : Este exerc\u00edcio envolve apertar e relaxar diferentes grupos musculares, ajudando a crian\u00e7a a relaxar.<\/li>\n<li><strong>Medita\u00e7\u00e3o ou Mindfulness<\/strong> : Introduza pr\u00e1ticas simples de mindfulness, como prestar aten\u00e7\u00e3o na respira\u00e7\u00e3o ou em sons ao redor, para ajudar a crian\u00e7a a focar no momento presente e diminuir a ansiedade.<\/li>\n<\/ul>\n<ol start=\"4\">\n<li><strong> Promova a Autoestima e a Autoconfian\u00e7a<\/strong><\/li>\n<\/ol>\n<p>A autoestima \u00e9 um pilar importante para a sa\u00fade emocional. Crian\u00e7as com uma boa autoestima t\u00eam mais confian\u00e7a em suas habilidades, o que ajuda a enfrentar desafios com resili\u00eancia. Elogios sinceros, refor\u00e7o positivo e oportunidades para que a crian\u00e7a se sinta capaz de realizar tarefas ajudam no fortalecimento da autoestima.<\/p>\n<p><strong>Dicas Pr\u00e1ticas:<\/strong><\/p>\n<ul>\n<li><strong>Elogie o esfor\u00e7o, n\u00e3o apenas o resultado<\/strong> : Ao inv\u00e9s de focar apenas nas conquistas, elogie o esfor\u00e7o da crian\u00e7a em tentar ou aprender algo novo.<\/li>\n<li><strong>Estabele\u00e7a metas pequenas e alcan\u00e7\u00e1veis<\/strong> : Ajudar a crian\u00e7a a alcan\u00e7ar pequenas metas, como arrumar seu quarto ou terminar um dever de casa, fortalece a autoconfian\u00e7a.<\/li>\n<li><strong>Fomente a independ\u00eancia<\/strong> : permite que a crian\u00e7a tome decis\u00f5es dentro de sua capacidade, como escolher suas roupas ou o que deseja para o lanche.<\/li>\n<\/ul>\n<ol start=\"5\">\n<li><strong> Estabele\u00e7a uma rotina consistente e segura<\/strong><\/li>\n<\/ol>\n<p>As crian\u00e7as se beneficiam de um ambiente estruturado, com rotinas consistentes e previs\u00edveis. Isso proporciona um senso de seguran\u00e7a e controle, essencial para a sa\u00fade emocional delas. Ter hor\u00e1rios regulares para refei\u00e7\u00f5es, sono e atividades pode ajudar a crian\u00e7a a se sentir mais tranquila e protegida.<\/p>\n<p><strong>Dicas Pr\u00e1ticas:<\/strong><\/p>\n<ul>\n<li><strong>Estabele\u00e7a hor\u00e1rios regulares para as atividades di\u00e1rias<\/strong> : Isso inclui acordar, comer, brincar, estudar e dormir.<\/li>\n<li><strong>Tenha uma rotina de sono saud\u00e1vel<\/strong> : O sono adequado \u00e9 fundamental para a sa\u00fade emocional das crian\u00e7as. Estabele\u00e7a um hor\u00e1rio de dormir regular e crie um ambiente relaxante para a hora de dormir.<\/li>\n<li><strong>Ofere\u00e7a previsibilidade<\/strong> : Avise com anteced\u00eancia sobre mudan\u00e7as na rotina (ex: &#8220;Amanh\u00e3 vamos para o m\u00e9dico, mas depois podemos ir ao parque!&#8221;).<\/li>\n<\/ul>\n<ol start=\"6\">\n<li><strong> Incentivo \u00e0 Brincadeira e \u00e0 Criatividade<\/strong><\/li>\n<\/ol>\n<p>A brincadeira n\u00e3o \u00e9 apenas uma forma de entretenimento; ela \u00e9 crucial para o desenvolvimento emocional das crian\u00e7as. Brincar permite que elas expressem suas emo\u00e7\u00f5es, desenvolvam habilidades sociais e lidem com situa\u00e7\u00f5es desafiadoras de uma maneira mais leve.<\/p>\n<p><strong>Dicas Pr\u00e1ticas:<\/strong><\/p>\n<ul>\n<li><strong>Ofere\u00e7a diferentes tipos de brinquedos e atividades<\/strong> : como brinquedos de constru\u00e7\u00e3o, jogos de faz de conta ou materiais art\u00edsticos.<\/li>\n<li><strong>Participe das brincadeiras<\/strong> : Jogue com seu filho ou fa\u00e7a atividades juntos, o que fortalece o v\u00ednculo afetivo e ajuda a crian\u00e7a a se sentir valorizada.<\/li>\n<li><strong>Estimule a criatividade<\/strong> : D\u00ea espa\u00e7o para a crian\u00e7a criar, seja com desenhos, hist\u00f3rias ou inven\u00e7\u00f5es, o que ajuda a desenvolver a autoexpress\u00e3o.<\/li>\n<\/ul>\n<ol start=\"7\">\n<li><strong> Fomento Relacionamentos Saud\u00e1veis<\/strong><\/li>\n<\/ol>\n<p>As rela\u00e7\u00f5es sociais s\u00e3o um pilar importante para o desenvolvimento emocional. Crian\u00e7as que t\u00eam boas intera\u00e7\u00f5es com amigos e familiares tendem a se sentir mais seguras e melhoradas.<\/p>\n<p><strong>Dicas Pr\u00e1ticas:<\/strong><\/p>\n<ul>\n<li><strong>Organizar encontros com amigos<\/strong> : Incentivo \u00e0 socializa\u00e7\u00e3o com outras crian\u00e7as, seja em casa ou em atividades externas.<\/li>\n<li><strong>Ensine empatia<\/strong> : Ensine a crian\u00e7a a se colocar no lugar do outro e a respeitar os sentimentos dos outros.<\/li>\n<li><strong>Modelo de boas rela\u00e7\u00f5es<\/strong> : Mostrar como se relacionar de forma respeitosa, emp\u00e1tica e amorosa como os outros.<\/li>\n<\/ul>\n<p><strong>Conclus\u00e3o<\/strong><\/p>\n<p>Promover a sa\u00fade emocional das crian\u00e7as \u00e9 essencial para o seu bem-estar geral e desenvolvimento. Criar um ambiente de apoio, com comunica\u00e7\u00e3o aberta, ensino de t\u00e9cnicas de relaxamento e oportunidades para a crian\u00e7a desenvolver autoestima e confian\u00e7a, ajudando a prepar\u00e1-la para lidar com os desafios da vida de maneira saud\u00e1vel e resiliente. Ao adotar essas dicas pr\u00e1ticas, os pais e cuidadores podem ajudar as crian\u00e7as a construir uma base s\u00f3lida para a sa\u00fade emocional, que as acompanhar\u00e1 por toda a vida.<\/p>\n<p><strong>Refer\u00eancias Cient\u00edficas<\/strong><\/p>\n<ol>\n<li><strong>Academia Americana de Pediatria (AAP) <\/strong>. Promovendo o Desenvolvimento Social e Emocional Saud\u00e1vel na Primeira<em> Inf\u00e2ncia. <\/em>Dispon\u00edvel em : https:\/\/pediatrics.aappublications.org\/content\/early\/2015\/05\/18\/peds.2015-1592<\/li>\n<li><strong>National Institutes of Health <\/strong><a href=\"https:\/\/www.nimh.nih.gov\/health\/topics\/child-and-adolescent-mental-health\">( <\/a><a href=\"https:\/\/www.nimh.nih.gov\/health\/topics\/child-and-adolescent-mental-health\">NIH <\/a><a href=\"https:\/\/www.nimh.nih.gov\/health\/topics\/child-and-adolescent-mental-health\">) <\/a><a href=\"https:\/\/www.nimh.nih.gov\/health\/topics\/child-and-adolescent-mental-health\">.<\/a> Sa\u00fade <em>Mental <\/em><a href=\"https:\/\/www.nimh.nih.gov\/health\/topics\/child-and-adolescent-mental-health\">em <\/a><a href=\"https:\/\/www.nimh.nih.gov\/health\/topics\/child-and-adolescent-mental-health\">Crian\u00e7as <\/a><a href=\"https:\/\/www.nimh.nih.gov\/health\/topics\/child-and-adolescent-mental-health\">e <\/a><a href=\"https:\/\/www.nimh.nih.gov\/health\/topics\/child-and-adolescent-mental-health\">Adolescentes <\/a><a href=\"https:\/\/www.nimh.nih.gov\/health\/topics\/child-and-adolescent-mental-health\">.<\/a> Dispon\u00edvel <a href=\"https:\/\/www.nimh.nih.gov\/health\/topics\/child-and-adolescent-mental-health\">em <\/a><a href=\"https:\/\/www.nimh.nih.gov\/health\/topics\/child-and-adolescent-mental-health\">: <\/a><a href=\"https:\/\/www.nimh.nih.gov\/health\/topics\/child-and-adolescent-mental-health\">https:\/\/www.nimh.nih.gov\/health\/topics\/child-and-adolescent-mental-health<\/a><\/li>\n<li><strong>Centers for Disease Control and Prevention (CDC) <\/strong><a href=\"https:\/\/www.cdc.gov\/childrensmentalhealth\">.<\/a> A <em>Import\u00e2ncia da Sa\u00fade Emocional em Crian\u00e7as <\/em><a href=\"https:\/\/www.cdc.gov\/childrensmentalhealth\">. <\/a><a href=\"https:\/\/www.cdc.gov\/childrensmentalhealth\">Dispon\u00edvel <\/a><a href=\"https:\/\/www.cdc.gov\/childrensmentalhealth\">em<\/a> : <a href=\"https:\/\/www.cdc.gov\/childrensmentalhealth\">https:\/\/www.cdc.gov\/childrensmentalhealth<\/a><\/li>\n<li><strong>American Psychological Association (APA)<\/strong> . <em>Ajudando as crian\u00e7as a gerenciar suas emo\u00e7\u00f5es.<\/em> Dispon\u00edvel em: <a href=\"https:\/\/www.apa.org\/topics\/parenting\/emotion-regulation\">https :\/\/www .apa .org \/topics \/parenting \/emotion -regulation<\/a><\/li>\n<\/ol>\n<p>&nbsp;<\/p>\n","protected":false},"excerpt":{"rendered":"&nbsp; Introdu\u00e7\u00e3o A sa\u00fade emocional das crian\u00e7as \u00e9 essencial para o seu desenvolvimento e bem-estar geral. Desde os&hellip;\n","protected":false},"author":2,"featured_media":0,"comment_status":"open","ping_status":"open","sticky":false,"template":"","format":"standard","meta":{"csco_singular_sidebar":"","csco_page_header_type":"","csco_appearance_masonry":"","csco_page_load_nextpost":"","csco_post_video_location":[],"csco_post_video_location_hash":"","csco_post_video_url":"","csco_post_video_bg_start_time":0,"csco_post_video_bg_end_time":0,"footnotes":""},"categories":[12,1],"tags":[],"class_list":{"0":"post-693","1":"post","2":"type-post","3":"status-publish","4":"format-standard","6":"category-saude-infantil","7":"category-saude-mental-e-emocional","8":"cs-entry","9":"cs-video-wrap"},"yoast_head":"<!-- This site is optimized with the Yoast SEO plugin v27.4 - https:\/\/yoast.com\/product\/yoast-seo-wordpress\/ -->\n<title>Dicas para Promover a Sa\u00fade Emocional das Crian\u00e7as: &quot;Fortale\u00e7a a sa\u00fade emocional do seu filho com essas pr\u00e1ticas simples e eficazes!&quot; - Natural Flora<\/title>\n<meta name=\"robots\" content=\"index, follow, max-snippet:-1, max-image-preview:large, max-video-preview:-1\" \/>\n<link rel=\"canonical\" href=\"https:\/\/blog.naturalflora.com.br\/?p=693\" \/>\n<meta property=\"og:locale\" content=\"en_US\" \/>\n<meta property=\"og:type\" content=\"article\" \/>\n<meta property=\"og:title\" content=\"Dicas para Promover a Sa\u00fade Emocional das Crian\u00e7as: &quot;Fortale\u00e7a a sa\u00fade emocional do seu filho com essas pr\u00e1ticas simples e eficazes!&quot; - Natural Flora\" \/>\n<meta property=\"og:description\" content=\"&nbsp; Introdu\u00e7\u00e3o A sa\u00fade emocional das crian\u00e7as \u00e9 essencial para o seu desenvolvimento e bem-estar geral. Desde os&hellip;\" \/>\n<meta property=\"og:url\" content=\"https:\/\/blog.naturalflora.com.br\/?p=693\" \/>\n<meta property=\"og:site_name\" content=\"Natural Flora\" \/>\n<meta property=\"article:published_time\" content=\"2024-11-22T19:04:03+00:00\" \/>\n<meta property=\"article:modified_time\" content=\"2024-11-22T19:04:43+00:00\" \/>\n<meta name=\"author\" content=\"Reda\u00e7\u00e3o Natural Flora\" \/>\n<meta name=\"twitter:card\" content=\"summary_large_image\" \/>\n<meta name=\"twitter:label1\" content=\"Written by\" \/>\n\t<meta name=\"twitter:data1\" content=\"Reda\u00e7\u00e3o Natural Flora\" \/>\n\t<meta name=\"twitter:label2\" content=\"Est. reading time\" \/>\n\t<meta name=\"twitter:data2\" content=\"6 minutes\" \/>\n<script type=\"application\/ld+json\" class=\"yoast-schema-graph\">{\"@context\":\"https:\\\/\\\/schema.org\",\"@graph\":[{\"@type\":\"Article\",\"@id\":\"https:\\\/\\\/blog.naturalflora.com.br\\\/?p=693#article\",\"isPartOf\":{\"@id\":\"https:\\\/\\\/blog.naturalflora.com.br\\\/?p=693\"},\"author\":{\"name\":\"Reda\u00e7\u00e3o Natural Flora\",\"@id\":\"https:\\\/\\\/blog.naturalflora.com.br\\\/#\\\/schema\\\/person\\\/99e756373ea537fcbd0d5c5c5fd7ed7b\"},\"headline\":\"Dicas para Promover a Sa\u00fade Emocional das Crian\u00e7as: &#8220;Fortale\u00e7a a sa\u00fade emocional do seu filho com essas pr\u00e1ticas simples e eficazes!&#8221;\",\"datePublished\":\"2024-11-22T19:04:03+00:00\",\"dateModified\":\"2024-11-22T19:04:43+00:00\",\"mainEntityOfPage\":{\"@id\":\"https:\\\/\\\/blog.naturalflora.com.br\\\/?p=693\"},\"wordCount\":1263,\"commentCount\":0,\"articleSection\":[\"Sa\u00fade Infantil\",\"Sa\u00fade Mental e Emocional\"],\"inLanguage\":\"en-US\",\"potentialAction\":[{\"@type\":\"CommentAction\",\"name\":\"Comment\",\"target\":[\"https:\\\/\\\/blog.naturalflora.com.br\\\/?p=693#respond\"]}]},{\"@type\":\"WebPage\",\"@id\":\"https:\\\/\\\/blog.naturalflora.com.br\\\/?p=693\",\"url\":\"https:\\\/\\\/blog.naturalflora.com.br\\\/?p=693\",\"name\":\"Dicas para Promover a Sa\u00fade Emocional das Crian\u00e7as: \\\"Fortale\u00e7a a sa\u00fade emocional do seu filho com essas pr\u00e1ticas simples e eficazes!\\\" - Natural Flora\",\"isPartOf\":{\"@id\":\"https:\\\/\\\/blog.naturalflora.com.br\\\/#website\"},\"datePublished\":\"2024-11-22T19:04:03+00:00\",\"dateModified\":\"2024-11-22T19:04:43+00:00\",\"author\":{\"@id\":\"https:\\\/\\\/blog.naturalflora.com.br\\\/#\\\/schema\\\/person\\\/99e756373ea537fcbd0d5c5c5fd7ed7b\"},\"breadcrumb\":{\"@id\":\"https:\\\/\\\/blog.naturalflora.com.br\\\/?p=693#breadcrumb\"},\"inLanguage\":\"en-US\",\"potentialAction\":[{\"@type\":\"ReadAction\",\"target\":[\"https:\\\/\\\/blog.naturalflora.com.br\\\/?p=693\"]}]},{\"@type\":\"BreadcrumbList\",\"@id\":\"https:\\\/\\\/blog.naturalflora.com.br\\\/?p=693#breadcrumb\",\"itemListElement\":[{\"@type\":\"ListItem\",\"position\":1,\"name\":\"In\u00edcio\",\"item\":\"https:\\\/\\\/blog.naturalflora.com.br\\\/\"},{\"@type\":\"ListItem\",\"position\":2,\"name\":\"Dicas para Promover a Sa\u00fade Emocional das Crian\u00e7as: &#8220;Fortale\u00e7a a sa\u00fade emocional do seu filho com essas pr\u00e1ticas simples e eficazes!&#8221;\"}]},{\"@type\":\"WebSite\",\"@id\":\"https:\\\/\\\/blog.naturalflora.com.br\\\/#website\",\"url\":\"https:\\\/\\\/blog.naturalflora.com.br\\\/\",\"name\":\"Natural Flora\",\"description\":\"\",\"potentialAction\":[{\"@type\":\"SearchAction\",\"target\":{\"@type\":\"EntryPoint\",\"urlTemplate\":\"https:\\\/\\\/blog.naturalflora.com.br\\\/?s={search_term_string}\"},\"query-input\":{\"@type\":\"PropertyValueSpecification\",\"valueRequired\":true,\"valueName\":\"search_term_string\"}}],\"inLanguage\":\"en-US\"},{\"@type\":\"Person\",\"@id\":\"https:\\\/\\\/blog.naturalflora.com.br\\\/#\\\/schema\\\/person\\\/99e756373ea537fcbd0d5c5c5fd7ed7b\",\"name\":\"Reda\u00e7\u00e3o Natural Flora\",\"image\":{\"@type\":\"ImageObject\",\"inLanguage\":\"en-US\",\"@id\":\"https:\\\/\\\/secure.gravatar.com\\\/avatar\\\/560ac9b18b85ef6f917a34bc047531491daea2430216ef2803a9433cd01b8bc4?s=96&d=mm&r=g\",\"url\":\"https:\\\/\\\/secure.gravatar.com\\\/avatar\\\/560ac9b18b85ef6f917a34bc047531491daea2430216ef2803a9433cd01b8bc4?s=96&d=mm&r=g\",\"contentUrl\":\"https:\\\/\\\/secure.gravatar.com\\\/avatar\\\/560ac9b18b85ef6f917a34bc047531491daea2430216ef2803a9433cd01b8bc4?s=96&d=mm&r=g\",\"caption\":\"Reda\u00e7\u00e3o Natural Flora\"},\"url\":\"https:\\\/\\\/blog.naturalflora.com.br\\\/?author=2\"}]}<\/script>\n<!-- \/ Yoast SEO plugin. -->","yoast_head_json":{"title":"Dicas para Promover a Sa\u00fade Emocional das Crian\u00e7as: \"Fortale\u00e7a a sa\u00fade emocional do seu filho com essas pr\u00e1ticas simples e eficazes!\" - Natural Flora","robots":{"index":"index","follow":"follow","max-snippet":"max-snippet:-1","max-image-preview":"max-image-preview:large","max-video-preview":"max-video-preview:-1"},"canonical":"https:\/\/blog.naturalflora.com.br\/?p=693","og_locale":"en_US","og_type":"article","og_title":"Dicas para Promover a Sa\u00fade Emocional das Crian\u00e7as: \"Fortale\u00e7a a sa\u00fade emocional do seu filho com essas pr\u00e1ticas simples e eficazes!\" - Natural Flora","og_description":"&nbsp; Introdu\u00e7\u00e3o A sa\u00fade emocional das crian\u00e7as \u00e9 essencial para o seu desenvolvimento e bem-estar geral. Desde os&hellip;","og_url":"https:\/\/blog.naturalflora.com.br\/?p=693","og_site_name":"Natural Flora","article_published_time":"2024-11-22T19:04:03+00:00","article_modified_time":"2024-11-22T19:04:43+00:00","author":"Reda\u00e7\u00e3o Natural Flora","twitter_card":"summary_large_image","twitter_misc":{"Written by":"Reda\u00e7\u00e3o Natural Flora","Est. reading time":"6 minutes"},"schema":{"@context":"https:\/\/schema.org","@graph":[{"@type":"Article","@id":"https:\/\/blog.naturalflora.com.br\/?p=693#article","isPartOf":{"@id":"https:\/\/blog.naturalflora.com.br\/?p=693"},"author":{"name":"Reda\u00e7\u00e3o Natural Flora","@id":"https:\/\/blog.naturalflora.com.br\/#\/schema\/person\/99e756373ea537fcbd0d5c5c5fd7ed7b"},"headline":"Dicas para Promover a Sa\u00fade Emocional das Crian\u00e7as: &#8220;Fortale\u00e7a a sa\u00fade emocional do seu filho com essas pr\u00e1ticas simples e eficazes!&#8221;","datePublished":"2024-11-22T19:04:03+00:00","dateModified":"2024-11-22T19:04:43+00:00","mainEntityOfPage":{"@id":"https:\/\/blog.naturalflora.com.br\/?p=693"},"wordCount":1263,"commentCount":0,"articleSection":["Sa\u00fade Infantil","Sa\u00fade Mental e Emocional"],"inLanguage":"en-US","potentialAction":[{"@type":"CommentAction","name":"Comment","target":["https:\/\/blog.naturalflora.com.br\/?p=693#respond"]}]},{"@type":"WebPage","@id":"https:\/\/blog.naturalflora.com.br\/?p=693","url":"https:\/\/blog.naturalflora.com.br\/?p=693","name":"Dicas para Promover a Sa\u00fade Emocional das Crian\u00e7as: \"Fortale\u00e7a a sa\u00fade emocional do seu filho com essas pr\u00e1ticas simples e eficazes!\" - Natural Flora","isPartOf":{"@id":"https:\/\/blog.naturalflora.com.br\/#website"},"datePublished":"2024-11-22T19:04:03+00:00","dateModified":"2024-11-22T19:04:43+00:00","author":{"@id":"https:\/\/blog.naturalflora.com.br\/#\/schema\/person\/99e756373ea537fcbd0d5c5c5fd7ed7b"},"breadcrumb":{"@id":"https:\/\/blog.naturalflora.com.br\/?p=693#breadcrumb"},"inLanguage":"en-US","potentialAction":[{"@type":"ReadAction","target":["https:\/\/blog.naturalflora.com.br\/?p=693"]}]},{"@type":"BreadcrumbList","@id":"https:\/\/blog.naturalflora.com.br\/?p=693#breadcrumb","itemListElement":[{"@type":"ListItem","position":1,"name":"In\u00edcio","item":"https:\/\/blog.naturalflora.com.br\/"},{"@type":"ListItem","position":2,"name":"Dicas para Promover a Sa\u00fade Emocional das Crian\u00e7as: &#8220;Fortale\u00e7a a sa\u00fade emocional do seu filho com essas pr\u00e1ticas simples e eficazes!&#8221;"}]},{"@type":"WebSite","@id":"https:\/\/blog.naturalflora.com.br\/#website","url":"https:\/\/blog.naturalflora.com.br\/","name":"Natural Flora","description":"","potentialAction":[{"@type":"SearchAction","target":{"@type":"EntryPoint","urlTemplate":"https:\/\/blog.naturalflora.com.br\/?s={search_term_string}"},"query-input":{"@type":"PropertyValueSpecification","valueRequired":true,"valueName":"search_term_string"}}],"inLanguage":"en-US"},{"@type":"Person","@id":"https:\/\/blog.naturalflora.com.br\/#\/schema\/person\/99e756373ea537fcbd0d5c5c5fd7ed7b","name":"Reda\u00e7\u00e3o Natural Flora","image":{"@type":"ImageObject","inLanguage":"en-US","@id":"https:\/\/secure.gravatar.com\/avatar\/560ac9b18b85ef6f917a34bc047531491daea2430216ef2803a9433cd01b8bc4?s=96&d=mm&r=g","url":"https:\/\/secure.gravatar.com\/avatar\/560ac9b18b85ef6f917a34bc047531491daea2430216ef2803a9433cd01b8bc4?s=96&d=mm&r=g","contentUrl":"https:\/\/secure.gravatar.com\/avatar\/560ac9b18b85ef6f917a34bc047531491daea2430216ef2803a9433cd01b8bc4?s=96&d=mm&r=g","caption":"Reda\u00e7\u00e3o Natural Flora"},"url":"https:\/\/blog.naturalflora.com.br\/?author=2"}]}},"_links":{"self":[{"href":"https:\/\/blog.naturalflora.com.br\/index.php?rest_route=\/wp\/v2\/posts\/693","targetHints":{"allow":["GET"]}}],"collection":[{"href":"https:\/\/blog.naturalflora.com.br\/index.php?rest_route=\/wp\/v2\/posts"}],"about":[{"href":"https:\/\/blog.naturalflora.com.br\/index.php?rest_route=\/wp\/v2\/types\/post"}],"author":[{"embeddable":true,"href":"https:\/\/blog.naturalflora.com.br\/index.php?rest_route=\/wp\/v2\/users\/2"}],"replies":[{"embeddable":true,"href":"https:\/\/blog.naturalflora.com.br\/index.php?rest_route=%2Fwp%2Fv2%2Fcomments&post=693"}],"version-history":[{"count":1,"href":"https:\/\/blog.naturalflora.com.br\/index.php?rest_route=\/wp\/v2\/posts\/693\/revisions"}],"predecessor-version":[{"id":694,"href":"https:\/\/blog.naturalflora.com.br\/index.php?rest_route=\/wp\/v2\/posts\/693\/revisions\/694"}],"wp:attachment":[{"href":"https:\/\/blog.naturalflora.com.br\/index.php?rest_route=%2Fwp%2Fv2%2Fmedia&parent=693"}],"wp:term":[{"taxonomy":"category","embeddable":true,"href":"https:\/\/blog.naturalflora.com.br\/index.php?rest_route=%2Fwp%2Fv2%2Fcategories&post=693"},{"taxonomy":"post_tag","embeddable":true,"href":"https:\/\/blog.naturalflora.com.br\/index.php?rest_route=%2Fwp%2Fv2%2Ftags&post=693"}],"curies":[{"name":"wp","href":"https:\/\/api.w.org\/{rel}","templated":true}]}}